{"id":349580,"date":"2023-02-01T12:30:58","date_gmt":"2023-02-01T10:30:58","guid":{"rendered":"https:\/\/wmmaa.org\/cuando-pelee-en-pride-la-ufc-no-estaba-emelianenko-respondio-al-presidente-de-la-ufc\/"},"modified":"2023-02-01T12:30:58","modified_gmt":"2023-02-01T10:30:58","slug":"cuando-pelee-en-pride-la-ufc-no-estaba-emelianenko-respondio-al-presidente-de-la-ufc","status":"publish","type":"post","link":"https:\/\/wmmaa.org\/es\/cuando-pelee-en-pride-la-ufc-no-estaba-emelianenko-respondio-al-presidente-de-la-ufc\/","title":{"rendered":"\u201cCuando pele\u00e9 en PRIDE, la UFC no estaba\u201d: Emelianenko respondi\u00f3 al presidente de la UFC"},"content":{"rendered":"<div id=\"feat-img-reg\" class=\"relative\">\n <img decoding=\"async\" src=\"https:\/\/wmmaa.org\/wp-content\/uploads\/2023\/02\/12f7cc1659d76e183c084dd5ff6c2811_XL.jpg\" alt=\"\u201cCuando pele\u00e9 en PRIDE, la UFC no estaba\u201d: Emelianenko respondi\u00f3 al presidente de la UFC\"><\/div>\n<p><!-- Item introtext --><\/p>\n<div class=\"itemIntroText\">\n<p>El contendiente de peso pesado de Bellator, Fedor Emelianenko, reaccion\u00f3 cuando el presidente de UFC, Dan White, lo llam\u00f3 a \u00e9l y a Francis Ngannou como los \u00fanicos luchadores con los que la liga m\u00e1s importante del mundo no logr\u00f3 llegar a un acuerdo.<\/p>\n<\/p>\n<\/div>\n<p><!--AdFox START--><\/p>\n<p><!--&#1055;&#1083;&#1086;&#1097;&#1072;&#1076;&#1082;&#1072;: FightTime.ru \/ * \/ *--><\/p>\n<p><!--&#1058;&#1080;&#1087; &#1073;&#1072;&#1085;&#1085;&#1077;&#1088;&#1072;: &#1044;&#1077;&#1089;&#1082;&#1090;&#1086;&#1087;\/&#1052;&#1086;&#1073;&#1080;&#1083;&#1100;&#1085;&#1099;&#1081; 728x90\/300x300--><\/p>\n<p><!--&#1056;&#1072;&#1089;&#1087;&#1086;&#1083;&#1086;&#1078;&#1077;&#1085;&#1080;&#1077;: &#1050;&#1086;&#1085;&#1090;&#1077;&#1085;&#1090; &#1087;&#1086;&#1089;&#1083;&#1077; &#1074;&#1089;&#1090;&#1091;&#1087;&#1083;&#1077;&#1085;&#1080;&#1103;--><\/p>\n<div id=\"adfox_167032076949914564\" class=\"yandex_rtb_wrapper\"><\/div>\n<p><!-- Item fulltext --><\/p>\n<div class=\"itemFullText\">\n<blockquote>\n<p>\u201cSi Dana White quisiera, fichar\u00eda tanto a Fedor Emelianenko como a Francis Ngannou\u201d, dijo el legendario peso pesado ruso en una entrevista. <a rel=\"nofollow noopener\" target=\"_blank\" href=\"https:\/\/www.youtube.com\/watch?v=9LNjW688IAE\">oct\u00e1gono tv inc<\/a>. \u201cPero en ese momento Dana White se comport\u00f3 m\u00e1s modestamente, no como ahora. Ahora una persona se permite todo por completo.<\/p>\n<p>\u201cGracias a Dios no firm\u00e9 con el UFC en ese momento. Pele\u00e9 muchas veces con campeones de UFC, gan\u00e9; cuando pele\u00e9 en PRIDE, UFC no estaba presente.<\/p>\n<\/blockquote>\n<p>Recordemos que ya este fin de semana en Bellator 290 en Inglewood, Fedor Emelianenko, de 46 a\u00f1os, terminar\u00e1 su carrera profesional con una pelea contra Ryan Bader, en la que el estadounidense defender\u00e1 el cintur\u00f3n del campeonato de peso pesado de Bellator.<\/p>\n<\/p>\n<\/div>\n<p><!--post-tags--><\/p>\n<p>Fuente: https:\/\/fighttime.ru\/news\/item\/30666-kogda-bilsya-v-pride-ufc-ryadom-ne-stoyalo-emelyanenko-otvetil-prezidentu-ufc.html?rand=19907<\/p>\n","protected":false},"excerpt":{"rendered":"<p>El contendiente de peso pesado de Bellator, Fedor Emelianenko, reaccion\u00f3 cuando el presidente de UFC, Dan White, lo llam\u00f3 a \u00e9l y a Francis Ngannou como los \u00fanicos luchadores con los que la liga m\u00e1s importante del mundo no logr\u00f3 llegar a un acuerdo. \u201cSi Dana White quisiera, fichar\u00eda tanto a Fedor Emelianenko como a [&hellip;]<\/p>\n","protected":false},"author":1,"featured_media":349564,"comment_status":"","ping_status":"open","sticky":false,"template":"","format":"standard","meta":{"footnotes":""},"categories":[1171],"tags":[1452,1304,1547,273],"_links":{"self":[{"href":"https:\/\/wmmaa.org\/es\/wp-json\/wp\/v2\/posts\/349580"}],"collection":[{"href":"https:\/\/wmmaa.org\/es\/wp-json\/wp\/v2\/posts"}],"about":[{"href":"https:\/\/wmmaa.org\/es\/wp-json\/wp\/v2\/types\/post"}],"author":[{"embeddable":true,"href":"https:\/\/wmmaa.org\/es\/wp-json\/wp\/v2\/users\/1"}],"replies":[{"embeddable":true,"href":"https:\/\/wmmaa.org\/es\/wp-json\/wp\/v2\/comments?post=349580"}],"version-history":[{"count":0,"href":"https:\/\/wmmaa.org\/es\/wp-json\/wp\/v2\/posts\/349580\/revisions"}],"wp:featuredmedia":[{"embeddable":true,"href":"https:\/\/wmmaa.org\/es\/wp-json\/wp\/v2\/media\/349564"}],"wp:attachment":[{"href":"https:\/\/wmmaa.org\/es\/wp-json\/wp\/v2\/media?parent=349580"}],"wp:term":[{"taxonomy":"category","embeddable":true,"href":"https:\/\/wmmaa.org\/es\/wp-json\/wp\/v2\/categories?post=349580"},{"taxonomy":"post_tag","embeddable":true,"href":"https:\/\/wmmaa.org\/es\/wp-json\/wp\/v2\/tags?post=349580"}],"curies":[{"name":"wp","href":"https:\/\/api.w.org\/{rel}","templated":true}]}}