{"id":348610,"date":"2023-01-31T00:55:59","date_gmt":"2023-01-30T22:55:59","guid":{"rendered":"https:\/\/wmmaa.org\/ufc-vegas-laura-sanko-debuta-como-comentarista-en-color-de-ufc\/"},"modified":"2023-01-31T00:55:59","modified_gmt":"2023-01-30T22:55:59","slug":"ufc-vegas-laura-sanko-debuta-como-comentarista-en-color-de-ufc","status":"publish","type":"post","link":"https:\/\/wmmaa.org\/es\/ufc-vegas-laura-sanko-debuta-como-comentarista-en-color-de-ufc\/","title":{"rendered":"UFC Vegas Laura Sanko debuta como comentarista en color de UFC"},"content":{"rendered":"<p>La locutora de UFC desde hace mucho tiempo, Laura Sanko, ha sido nombrada la segunda comentarista femenina oficial de UFC. <\/p>\n<p>La promoci\u00f3n anunci\u00f3 que Sanko har\u00e1 su debut en UFC Vegas 68, junto a la jaula el lunes. Este evento tiene lugar en UFC APEX Las Vegas. Esta asignaci\u00f3n es un hito profesional significativo para Sanko. Ha sido una presencia frecuente en el escritorio de UFC durante los espect\u00e1culos previos y posteriores a la pelea, y tambi\u00e9n fue comentarista de color para la serie Contender de Dana White. <\/p>\n<p>Sanko ha estado presionando por un lugar en el equipo de transmisi\u00f3n junto al oct\u00e1gono. Fue una ex luchadora de MMA que compiti\u00f3 en peso \u00e1tomo. Despu\u00e9s de pasar al trabajo de transmisi\u00f3n, Invicta FC (totalmente femenina) en 2014 se uni\u00f3 al paraguas de UFC. Hizo su debut en UFC como reportera tras bambalinas en un evento de UFC en FOX en el 2016. <\/p>\n<p>\u00abDar el siguiente paso en mi carrera televisiva para unirme al equipo de comentaristas de UFC fue un objetivo para m\u00ed desde el comienzo de mi carrera televisiva\u00bb, dijo Sanko en un comunicado de prensa. \u00abEs un honor caminar en la huella de Kathy Long 30 a\u00f1os despu\u00e9s de su aparici\u00f3n en UFC 1. <\/p>\n<p>\u00abConsidero que es un verdadero privilegio ser parte del equipo que es una voz para nuestros incre\u00edbles fan\u00e1ticos, comunicando el arte de lucha de cada hombre y mujer que ingresa al oct\u00e1gono de UFC\u00bb.<\/p>\n<p>Sanko, una segunda comentarista de color, es el primer evento de UFC de Long 30 a\u00f1os atr\u00e1s en 1993. <\/p>\n<p>\u00abNo conozco a nadie mejor que Laura para ser la primera comentarista de color de UFC que Laura\u00bb, dijo el presidente de UFC, Dana White, en el comunicado. Ella ha hecho mucho para sobresalir y conseguir este trabajo. No estar m\u00e1s orgulloso de verla llamar a la acci\u00f3n\u00bb.<\/p>\n<p>.<\/p>\n<p>UFC Vegas 68 est\u00e1 encabezado por una pelea de peso pesado entre el ex retador al t\u00edtulo Derrick Lewis y Serghei Spivac. <\/p>\n<p>\n<p><p>Fuente: https:\/\/www.mmafighting.com\/2023\/1\/30\/23578636\/laura-sanko-makes-ufc-color-commentary-debut-at-ufc-vegas-68?rand=96749<\/p>\n","protected":false},"excerpt":{"rendered":"<p>La locutora de UFC desde hace mucho tiempo, Laura Sanko, ha sido nombrada la segunda comentarista femenina oficial de UFC. La promoci\u00f3n anunci\u00f3 que Sanko har\u00e1 su debut en UFC Vegas 68, junto a la jaula el lunes. Este evento tiene lugar en UFC APEX Las Vegas. Esta asignaci\u00f3n es un hito profesional significativo para [&hellip;]<\/p>\n","protected":false},"author":1,"featured_media":348588,"comment_status":"","ping_status":"open","sticky":false,"template":"","format":"standard","meta":{"footnotes":""},"categories":[1171],"tags":[],"_links":{"self":[{"href":"https:\/\/wmmaa.org\/es\/wp-json\/wp\/v2\/posts\/348610"}],"collection":[{"href":"https:\/\/wmmaa.org\/es\/wp-json\/wp\/v2\/posts"}],"about":[{"href":"https:\/\/wmmaa.org\/es\/wp-json\/wp\/v2\/types\/post"}],"author":[{"embeddable":true,"href":"https:\/\/wmmaa.org\/es\/wp-json\/wp\/v2\/users\/1"}],"replies":[{"embeddable":true,"href":"https:\/\/wmmaa.org\/es\/wp-json\/wp\/v2\/comments?post=348610"}],"version-history":[{"count":0,"href":"https:\/\/wmmaa.org\/es\/wp-json\/wp\/v2\/posts\/348610\/revisions"}],"wp:featuredmedia":[{"embeddable":true,"href":"https:\/\/wmmaa.org\/es\/wp-json\/wp\/v2\/media\/348588"}],"wp:attachment":[{"href":"https:\/\/wmmaa.org\/es\/wp-json\/wp\/v2\/media?parent=348610"}],"wp:term":[{"taxonomy":"category","embeddable":true,"href":"https:\/\/wmmaa.org\/es\/wp-json\/wp\/v2\/categories?post=348610"},{"taxonomy":"post_tag","embeddable":true,"href":"https:\/\/wmmaa.org\/es\/wp-json\/wp\/v2\/tags?post=348610"}],"curies":[{"name":"wp","href":"https:\/\/api.w.org\/{rel}","templated":true}]}}