{"id":345584,"date":"2023-01-26T12:40:55","date_gmt":"2023-01-26T10:40:55","guid":{"rendered":"https:\/\/wmmaa.org\/charlo-esta-enfermo-y-esto-es-serio-dice-companero-prograis\/"},"modified":"2023-01-26T12:40:55","modified_gmt":"2023-01-26T10:40:55","slug":"charlo-esta-enfermo-y-esto-es-serio-dice-companero-prograis","status":"publish","type":"post","link":"https:\/\/wmmaa.org\/es\/charlo-esta-enfermo-y-esto-es-serio-dice-companero-prograis\/","title":{"rendered":"Charlo est\u00e1 enfermo. Y esto es serio &#8211; dice compa\u00f1ero Prograis"},"content":{"rendered":"<p><img decoding=\"async\" src=\"https:\/\/wmmaa.org\/wp-content\/uploads\/2023\/01\/7a1275fb30f138b2db0040098f962ae6.JPG\" alt=\"\"><\/p>\n<div>\n<p> El campe\u00f3n superligero estadounidense del CMB Regis Prograis (28-1, 24 KOs) coment\u00f3 sobre la larga ausencia del ring del due\u00f1o del mismo t\u00edtulo, pero en el peso mediano compatriota y compa\u00f1ero cercano Jermall Charlo (32-0, 22 KOs).<\/p>\n<p> programa<br \/>\n<a rel=\"nofollow noopener\" target=\"_blank\" href=\"https:\/\/www.youtube.com\/watch?v=4NGlz8uCkwg\">confirma<\/a>que Charlo tiene serios problemas mentales: \u201cTiene algunos problemas personales. Problemas personales graves. Ha hablado mucho, pero cr\u00e9eme, el tipo ha pasado por una verdadera mierda. Ya se est\u00e1 recuperando. Pero deber\u00edas haber visto el estado en el que estaba\u2026 Realmente no pod\u00eda pelear en ese estado.\u201d <\/p>\n<p> El problema no est\u00e1 en Charlo, sino en el accionar del CMB -debieron despojar al campe\u00f3n hace tiempo del t\u00edtulo-, promovi\u00f3 el titular del cintur\u00f3n interino dominicano Carlos Adames. Prograis lo entiende: \u201cS\u00ed, es un campe\u00f3n y todo eso. Es decir, tiene obligaciones. Pero esto sucede. Te lo digo, se est\u00e1 recuperando. Y volver\u00e1 igual: disciplinado y preparado. Yo lo vi. Me sorprendi\u00f3 que con todo esto se mantenga en forma y entrene. Te lo digo, ahora est\u00e1 mejor\u00bb. <\/p>\n<p> Sin embargo, Prograis no est\u00e1 seguro de que pronto veamos al campe\u00f3n en acci\u00f3n: \u00ab\u00bfC\u00f3mo podr\u00eda saberlo? Por lo que entiendo, primero necesita resolver todos sus problemas. Y luego entender si quiere seguir actuando. Es se est\u00e1 recuperando, pero eso no significa que est\u00e9 bien. Est\u00e1 mejor que antes. Es todo lo que puedo decir\u00bb.<\/p>\n<p>Se rumorea que Jermall abusa del alcohol. En noviembre, Charlo desafi\u00f3 repentinamente al campe\u00f3n de peso semipesado: \u201c\u00a1Quiero a Bivol! Bivol, \u00bfd\u00f3nde est\u00e1s? Bivol coment\u00f3 sobre ese episodio: \u00abNo ol\u00ed los humos de Charlo\u00bb.<\/p>\n<p><b><\/p>\n","protected":false},"excerpt":{"rendered":"<p>El campe\u00f3n superligero estadounidense del CMB Regis Prograis (28-1, 24 KOs) coment\u00f3 sobre la larga ausencia del ring del due\u00f1o del mismo t\u00edtulo, pero en el peso mediano compatriota y compa\u00f1ero cercano Jermall Charlo (32-0, 22 KOs). programa confirmaque Charlo tiene serios problemas mentales: \u201cTiene algunos problemas personales. Problemas personales graves. Ha hablado mucho, pero [&hellip;]<\/p>\n","protected":false},"author":1,"featured_media":345574,"comment_status":"","ping_status":"open","sticky":false,"template":"","format":"standard","meta":{"footnotes":""},"categories":[1171],"tags":[],"_links":{"self":[{"href":"https:\/\/wmmaa.org\/es\/wp-json\/wp\/v2\/posts\/345584"}],"collection":[{"href":"https:\/\/wmmaa.org\/es\/wp-json\/wp\/v2\/posts"}],"about":[{"href":"https:\/\/wmmaa.org\/es\/wp-json\/wp\/v2\/types\/post"}],"author":[{"embeddable":true,"href":"https:\/\/wmmaa.org\/es\/wp-json\/wp\/v2\/users\/1"}],"replies":[{"embeddable":true,"href":"https:\/\/wmmaa.org\/es\/wp-json\/wp\/v2\/comments?post=345584"}],"version-history":[{"count":0,"href":"https:\/\/wmmaa.org\/es\/wp-json\/wp\/v2\/posts\/345584\/revisions"}],"wp:featuredmedia":[{"embeddable":true,"href":"https:\/\/wmmaa.org\/es\/wp-json\/wp\/v2\/media\/345574"}],"wp:attachment":[{"href":"https:\/\/wmmaa.org\/es\/wp-json\/wp\/v2\/media?parent=345584"}],"wp:term":[{"taxonomy":"category","embeddable":true,"href":"https:\/\/wmmaa.org\/es\/wp-json\/wp\/v2\/categories?post=345584"},{"taxonomy":"post_tag","embeddable":true,"href":"https:\/\/wmmaa.org\/es\/wp-json\/wp\/v2\/tags?post=345584"}],"curies":[{"name":"wp","href":"https:\/\/api.w.org\/{rel}","templated":true}]}}