{"id":345513,"date":"2023-01-26T10:46:59","date_gmt":"2023-01-26T08:46:59","guid":{"rendered":"https:\/\/wmmaa.org\/conor-mcgregor-anuncia-nueva-temporada-de-the-ultimate-fighter\/"},"modified":"2023-01-26T10:46:59","modified_gmt":"2023-01-26T08:46:59","slug":"conor-mcgregor-anuncia-nueva-temporada-de-the-ultimate-fighter","status":"publish","type":"post","link":"https:\/\/wmmaa.org\/es\/conor-mcgregor-anuncia-nueva-temporada-de-the-ultimate-fighter\/","title":{"rendered":"Conor McGregor anuncia nueva temporada de The Ultimate Fighter"},"content":{"rendered":"<div id=\"feat-img-reg\" class=\"relative\">\n <img decoding=\"async\" src=\"https:\/\/wmmaa.org\/wp-content\/uploads\/2023\/01\/4675d3871cf111a671cabb268e432015_XL.jpg\" alt=\"Conor McGregor anuncia nueva temporada de The Ultimate Fighter\"><\/div>\n<p><!-- Item introtext --><\/p>\n<div class=\"itemIntroText\">\n<p>El ex campe\u00f3n bi-peso de UFC Conor McGregor ha revelado a sus fan\u00e1ticos que podr\u00eda ser entrenador para la pr\u00f3xima temporada de The Ultimate Fighter, que comenzar\u00e1 a filmarse pronto.<\/p>\n<\/p>\n<\/div>\n<p><!--AdFox START--><\/p>\n<p><!--&#1055;&#1083;&#1086;&#1097;&#1072;&#1076;&#1082;&#1072;: FightTime.ru \/ * \/ *--><\/p>\n<p><!--&#1058;&#1080;&#1087; &#1073;&#1072;&#1085;&#1085;&#1077;&#1088;&#1072;: &#1044;&#1077;&#1089;&#1082;&#1090;&#1086;&#1087;\/&#1052;&#1086;&#1073;&#1080;&#1083;&#1100;&#1085;&#1099;&#1081; 728x90\/300x300--><\/p>\n<p><!--&#1056;&#1072;&#1089;&#1087;&#1086;&#1083;&#1086;&#1078;&#1077;&#1085;&#1080;&#1077;: &#1050;&#1086;&#1085;&#1090;&#1077;&#1085;&#1090; &#1087;&#1086;&#1089;&#1083;&#1077; &#1074;&#1089;&#1090;&#1091;&#1087;&#1083;&#1077;&#1085;&#1080;&#1103;--><\/p>\n<div id=\"adfox_167032076949914564\" class=\"yandex_rtb_wrapper\"><\/div>\n<p><!-- Item fulltext --><\/p>\n<div class=\"itemFullText\">\n<blockquote>\n<p>\u201cMe acaban de ofrecer de nuevo el puesto de entrenador en TUF y me encanta\u201d, escribi\u00f3 el irland\u00e9s en la red social. \u201cEsta es la inmersi\u00f3n total que tanto necesito. Veo a los luchadores aline\u00e1ndose. \u00a1S\u00e9 lo que me espera y estar\u00e9 listo, hijo de puta!\u00bb<\/p>\n<\/blockquote>\n<p>Poco despu\u00e9s de la publicaci\u00f3n, su repost lo hizo el presidente de la UFC, Dana White, lo que sum\u00f3 credibilidad a las palabras del irland\u00e9s.<\/p>\n<p>En 2015, Conor McGregor particip\u00f3 en la filmaci\u00f3n de la temporada 22 de The Ultimate Fighter, donde el ex campe\u00f3n de WEC Urijah Faber se opuso a \u00e9l como entrenador del equipo contrario, sin embargo, el gui\u00f3n de la temporada inicialmente no involucraba la final. partido de entrenadores. Despu\u00e9s de participar en TUF, Conor McGregor obtuvo una victoria hist\u00f3rica sobre Jos\u00e9 Aldo y se convirti\u00f3 en la principal superestrella de la organizaci\u00f3n.<\/p>\n<p>Recientemente, el entrenador irland\u00e9s, John Kavanagh, inform\u00f3 sobre \u00abinteresantes negociaciones\u00bb, expresando absoluta confianza en que su pupilo regresar\u00e1 al oct\u00e1gono este a\u00f1o. Como posibles rivales, el especialista irland\u00e9s nombr\u00f3 a Nate Diaz, Dustin Poirier, Justin Gaethje y Michael Chandler.<\/p>\n<p>Conor McGregor, de 34 a\u00f1os, ingres\u00f3 al oct\u00e1gono por \u00faltima vez en julio de 2021, luego de sufrir una fractura severa en la pierna en un duelo contra Dustin Poirier, y seis meses antes de eso, perdi\u00f3 ante el estadounidense por nocaut en la segunda ronda.<\/p>\n<\/p>\n<\/div>\n<p><!--post-tags--><\/p>\n<p>Fuente: https:\/\/fighttime.ru\/news\/item\/30613-konor-makgregor-ob-yavil-ob-uchastii-v-ocherednom-sezone-the-ultimate-fighter.html?rand=19907<\/p>\n","protected":false},"excerpt":{"rendered":"<p>El ex campe\u00f3n bi-peso de UFC Conor McGregor ha revelado a sus fan\u00e1ticos que podr\u00eda ser entrenador para la pr\u00f3xima temporada de The Ultimate Fighter, que comenzar\u00e1 a filmarse pronto. \u201cMe acaban de ofrecer de nuevo el puesto de entrenador en TUF y me encanta\u201d, escribi\u00f3 el irland\u00e9s en la red social. \u201cEsta es la [&hellip;]<\/p>\n","protected":false},"author":1,"featured_media":345502,"comment_status":"","ping_status":"open","sticky":false,"template":"","format":"standard","meta":{"footnotes":""},"categories":[1171],"tags":[1258],"_links":{"self":[{"href":"https:\/\/wmmaa.org\/es\/wp-json\/wp\/v2\/posts\/345513"}],"collection":[{"href":"https:\/\/wmmaa.org\/es\/wp-json\/wp\/v2\/posts"}],"about":[{"href":"https:\/\/wmmaa.org\/es\/wp-json\/wp\/v2\/types\/post"}],"author":[{"embeddable":true,"href":"https:\/\/wmmaa.org\/es\/wp-json\/wp\/v2\/users\/1"}],"replies":[{"embeddable":true,"href":"https:\/\/wmmaa.org\/es\/wp-json\/wp\/v2\/comments?post=345513"}],"version-history":[{"count":0,"href":"https:\/\/wmmaa.org\/es\/wp-json\/wp\/v2\/posts\/345513\/revisions"}],"wp:featuredmedia":[{"embeddable":true,"href":"https:\/\/wmmaa.org\/es\/wp-json\/wp\/v2\/media\/345502"}],"wp:attachment":[{"href":"https:\/\/wmmaa.org\/es\/wp-json\/wp\/v2\/media?parent=345513"}],"wp:term":[{"taxonomy":"category","embeddable":true,"href":"https:\/\/wmmaa.org\/es\/wp-json\/wp\/v2\/categories?post=345513"},{"taxonomy":"post_tag","embeddable":true,"href":"https:\/\/wmmaa.org\/es\/wp-json\/wp\/v2\/tags?post=345513"}],"curies":[{"name":"wp","href":"https:\/\/api.w.org\/{rel}","templated":true}]}}