{"id":345349,"date":"2023-01-26T04:05:03","date_gmt":"2023-01-26T02:05:03","guid":{"rendered":"https:\/\/wmmaa.org\/conor-mcgregor-se-burla-de-la-oferta-de-entrenamiento-de-the-ultimate-fighter-me-gusta\/"},"modified":"2023-01-26T04:05:03","modified_gmt":"2023-01-26T02:05:03","slug":"conor-mcgregor-se-burla-de-la-oferta-de-entrenamiento-de-the-ultimate-fighter-me-gusta","status":"publish","type":"post","link":"https:\/\/wmmaa.org\/es\/conor-mcgregor-se-burla-de-la-oferta-de-entrenamiento-de-the-ultimate-fighter-me-gusta\/","title":{"rendered":"Conor McGregor se burla de la oferta de entrenamiento de The Ultimate Fighter: \u00abMe gusta\u00bb"},"content":{"rendered":"<p>Conor McGregor dijo el mi\u00e9rcoles que tiene otra oferta para entrenar <em>El \u00faltimo combatiente<\/em>. <\/p>\n<p>McGregor, de 34 a\u00f1os, no dio detalles sobre el supuesto papel, que lo traer\u00eda de regreso a Las Vegas para entrenar a otro equipo de prometedores despu\u00e9s de protagonizar junto a Urijah Faber en <em>TUF 22<\/em> en 2015. El UFC no ha anunciado entrenadores para la temporada 31 del programa de larga duraci\u00f3n, pero recientemente emiti\u00f3 una convocatoria de casting para los luchadores.<\/p>\n<p>\u201cNotorious\u201d adjunt\u00f3 una foto que dijo que fue tomada durante <em>TUF 22<\/em> en su anuncio. Un funcionario de UFC no respondi\u00f3 de inmediato a una solicitud de comentarios sobre la publicaci\u00f3n. <\/p>\n<div>\n<blockquote class=\"instagram-media\" data-instgrm-captioned=\"\" data-instgrm-permalink=\"https:\/\/www.instagram.com\/p\/Cn29isnIP6y\/?utm_source=ig_embed&amp;utm_campaign=loading\" data-instgrm-version=\"14\" style=\"background:#FFF;border:0;border-radius:3px;margin: 1px;max-width:658px;min-width:326px;padding:0;width:99.375%;width:-webkit-calc(100% - 2px);width:calc(100% - 2px)\">\n<div style=\"padding:16px\"> <a rel=\"nofollow noopener\" target=\"_blank\" href=\"https:\/\/www.instagram.com\/p\/Cn29isnIP6y\/?utm_source=ig_embed&amp;utm_campaign=loading\" style=\"background:#FFFFFF;line-height:0;padding:0 0;text-align:center;text-decoration:none;width:100%\"> <\/p>\n<div style=\"flex-direction: row;align-items: center\">\n<div style=\"background-color: #F4F4F4;border-radius: 50%;flex-grow: 0;height: 40px;margin-right: 14px;width: 40px\"><\/div>\n<div style=\"flex-direction: column;flex-grow: 1;justify-content: center\">\n<div style=\"background-color: #F4F4F4;border-radius: 4px;flex-grow: 0;height: 14px;margin-bottom: 6px;width: 100px\"><\/div>\n<div style=\"background-color: #F4F4F4;border-radius: 4px;flex-grow: 0;height: 14px;width: 60px\"><\/div>\n<\/div>\n<\/div>\n<div style=\"padding: 19% 0\"><\/div>\n<div style=\"height:50px;margin:0 auto 12px;width:50px\"><\/div>\n<div style=\"padding-top: 8px\">\n<div style=\"color:#3897f0;font-family:Arial,sans-serif;font-size:14px;font-style:normal;font-weight:550;line-height:18px\">Ver esta publicaci\u00f3n en Instagram<\/div>\n<\/div>\n<div style=\"padding: 12.5% 0\"><\/div>\n<div style=\"flex-direction: row;margin-bottom: 14px;align-items: center\">\n<div>\n<div style=\"background-color: #F4F4F4;border-radius: 50%;height: 12.5px;width: 12.5px\"><\/div>\n<div style=\"background-color: #F4F4F4;height: 12.5px;width: 12.5px;flex-grow: 0;margin-right: 14px;margin-left: 2px\"><\/div>\n<div style=\"background-color: #F4F4F4;border-radius: 50%;height: 12.5px;width: 12.5px\"><\/div>\n<\/div>\n<div style=\"margin-left: 8px\">\n<div style=\"background-color: #F4F4F4;border-radius: 50%;flex-grow: 0;height: 20px;width: 20px\"><\/div>\n<div style=\"width: 0;height: 0;border-top: 2px solid transparent;border-left: 6px solid #f4f4f4;border-bottom: 2px solid transparent\"><\/div>\n<\/div>\n<div style=\"margin-left: auto\">\n<div style=\"width: 0px;border-top: 8px solid #F4F4F4;border-right: 8px solid transparent\"><\/div>\n<div style=\"background-color: #F4F4F4;flex-grow: 0;height: 12px;width: 16px\"><\/div>\n<div style=\"width: 0;height: 0;border-top: 8px solid #F4F4F4;border-left: 8px solid transparent\"><\/div>\n<\/div>\n<\/div>\n<div style=\"flex-direction: column;flex-grow: 1;justify-content: center;margin-bottom: 24px\">\n<div style=\"background-color: #F4F4F4;border-radius: 4px;flex-grow: 0;height: 14px;margin-bottom: 6px;width: 224px\"><\/div>\n<div style=\"background-color: #F4F4F4;border-radius: 4px;flex-grow: 0;height: 14px;width: 144px\"><\/div>\n<\/div>\n<p><\/a><\/p>\n<p style=\"color:#c9c8cd;font-family:Arial,sans-serif;font-size:14px;line-height:17px;margin-bottom:0;margin-top:8px;overflow:hidden;padding:8px 0 7px;text-align:center\"><a rel=\"nofollow noopener\" target=\"_blank\" href=\"https:\/\/www.instagram.com\/p\/Cn29isnIP6y\/?utm_source=ig_embed&amp;utm_campaign=loading\" style=\"color:#c9c8cd;font-family:Arial,sans-serif;font-size:14px;font-style:normal;font-weight:normal;line-height:17px;text-decoration:none\">Una publicaci\u00f3n compartida por Conor McGregor Official (@thenotoriousmma)<\/a><\/p>\n<\/div>\n<\/blockquote>\n<\/div>\n<blockquote>\n<p>Esta es una instant\u00e1nea de la \u00faltima casa de combate original. Donde entren\u00e9 vs urijah faber. Esta foto fue justo antes del show aunque. Fue justo antes de que ganara mi primer t\u00edtulo mundial venciendo a mi compa\u00f1ero de equipo de Urijah, Chad Mendes. Luego pas\u00e9 a entrenar el famoso programa de lucha justo despu\u00e9s de la pelea. Con un gran ojo morado y una herida, mi tricolor y mi nuevo y primer cintur\u00f3n de oro de ufc, entr\u00e9 al notorio gimnasio de lucha en Las Vegas. Los trajes y gritos m\u00e1s h\u00e1biles que el programa haya visto antes. Encima de los cubiertos. Y entren\u00e9 a mi equipo a la victoria. Loco. Alg\u00fan viaje. Me acaban de ofrecer volver a entrenar este papel. Me gusta. Lo que se necesita es una inmersi\u00f3n total. Veo luchadores aline\u00e1ndose. S\u00e9 lo que est\u00e1 por venir. He estado listo, hijos de puta. <\/p>\n<\/blockquote>\n<p>El regreso de McGregor a UFC en 2023 estuvo virtualmente garantizado el lunes por su antiguo entrenador John Kavanagh, quien dijo el lunes <em>La hora de las MMA<\/em> que las negociaciones estaban en curso para la pr\u00f3xima aparici\u00f3n del ex campe\u00f3n de dos divisiones de UFC.<\/p>\n<p>Los entrenadores de TUF tradicionalmente se enfrentan al final de una temporada, lo que significa que la coprotagonista de McGregor probablemente le dar\u00eda la bienvenida al oct\u00e1gono despu\u00e9s de un descanso de casi dos a\u00f1os, como resultado de una fractura en la pierna sufrida en su trilog\u00eda contra Dustin Poirier en UFC 264. <\/p>\n<p>McGregor contin\u00faa siendo el objetivo n\u00famero 1 para los pesos ligeros y welter que buscan un gran d\u00eda de pago, pero el presidente de UFC, Dana White, no se ha decidido por ning\u00fan nombre en particular. Recientemente derrib\u00f3 a Michael Chandler como posible candidato, aunque el ex campe\u00f3n de Bellator y ex retador al t\u00edtulo de peso ligero de UFC ha realizado varias promociones dignas de destacar llamando a McGregor.<\/p>\n<p>McGregor tambi\u00e9n ha coqueteado con una trilog\u00eda contra el dos veces oponente Nate D\u00edaz, quien ingres\u00f3 a la agencia libre despu\u00e9s de cerrar su contrato anterior con UFC con una victoria sobre Tony Ferguson. <\/p>\n<p>Fuera de la jaula, McGregor ha seguido acaparando los titulares por todas las razones equivocadas, apareciendo esta semana como sospechoso del presunto ataque a una mujer en Ibiza; neg\u00f3 con vehemencia cualquier participaci\u00f3n a trav\u00e9s de su equipo de relaciones p\u00fablicas. <\/p>\n<p>\n<p>Fuente: https:\/\/www.mmafighting.com\/2023\/1\/25\/23571978\/conor-mcgregor-teases-the-ultimate-fighter-coaching-offer-i-like-it?rand=96749<\/p>\n","protected":false},"excerpt":{"rendered":"<p>Conor McGregor dijo el mi\u00e9rcoles que tiene otra oferta para entrenar El \u00faltimo combatiente. McGregor, de 34 a\u00f1os, no dio detalles sobre el supuesto papel, que lo traer\u00eda de regreso a Las Vegas para entrenar a otro equipo de prometedores despu\u00e9s de protagonizar junto a Urijah Faber en TUF 22 en 2015. El UFC no [&hellip;]<\/p>\n","protected":false},"author":1,"featured_media":345331,"comment_status":"","ping_status":"open","sticky":false,"template":"","format":"standard","meta":{"footnotes":""},"categories":[1171],"tags":[],"_links":{"self":[{"href":"https:\/\/wmmaa.org\/es\/wp-json\/wp\/v2\/posts\/345349"}],"collection":[{"href":"https:\/\/wmmaa.org\/es\/wp-json\/wp\/v2\/posts"}],"about":[{"href":"https:\/\/wmmaa.org\/es\/wp-json\/wp\/v2\/types\/post"}],"author":[{"embeddable":true,"href":"https:\/\/wmmaa.org\/es\/wp-json\/wp\/v2\/users\/1"}],"replies":[{"embeddable":true,"href":"https:\/\/wmmaa.org\/es\/wp-json\/wp\/v2\/comments?post=345349"}],"version-history":[{"count":0,"href":"https:\/\/wmmaa.org\/es\/wp-json\/wp\/v2\/posts\/345349\/revisions"}],"wp:featuredmedia":[{"embeddable":true,"href":"https:\/\/wmmaa.org\/es\/wp-json\/wp\/v2\/media\/345331"}],"wp:attachment":[{"href":"https:\/\/wmmaa.org\/es\/wp-json\/wp\/v2\/media?parent=345349"}],"wp:term":[{"taxonomy":"category","embeddable":true,"href":"https:\/\/wmmaa.org\/es\/wp-json\/wp\/v2\/categories?post=345349"},{"taxonomy":"post_tag","embeddable":true,"href":"https:\/\/wmmaa.org\/es\/wp-json\/wp\/v2\/tags?post=345349"}],"curies":[{"name":"wp","href":"https:\/\/api.w.org\/{rel}","templated":true}]}}