{"id":343133,"date":"2023-01-23T09:07:56","date_gmt":"2023-01-23T07:07:56","guid":{"rendered":"https:\/\/wmmaa.org\/islam-makhachev-recurrio-a-glover-teixeira\/"},"modified":"2023-01-23T09:07:56","modified_gmt":"2023-01-23T07:07:56","slug":"islam-makhachev-recurrio-a-glover-teixeira","status":"publish","type":"post","link":"https:\/\/wmmaa.org\/es\/islam-makhachev-recurrio-a-glover-teixeira\/","title":{"rendered":"Islam Makhachev recurri\u00f3 a Glover Teixeira"},"content":{"rendered":"<div id=\"feat-img-reg\" class=\"relative\">\n <img decoding=\"async\" src=\"https:\/\/wmmaa.org\/wp-content\/uploads\/2023\/01\/aea71f9c67a0e074ecdf268bff1e88ab_XL.jpg\" alt=\"Islam Makhachev recurri\u00f3 a Glover Teixeira\"><\/div>\n<p><!-- Item introtext --><\/p>\n<div class=\"itemIntroText\">\n<p>El actual campe\u00f3n de peso ligero de UFC, Islam Makhachev, se mostr\u00f3 encantado con la actuaci\u00f3n de Glover Teixeira, a pesar de que el semipesado brasile\u00f1o fue derrotado en una pelea por el t\u00edtulo con el estadounidense Jamal Hill.<\/p>\n<\/p>\n<\/div>\n<p><!--AdFox START--><\/p>\n<p><!--&#1055;&#1083;&#1086;&#1097;&#1072;&#1076;&#1082;&#1072;: FightTime.ru \/ * \/ *--><\/p>\n<p><!--&#1058;&#1080;&#1087; &#1073;&#1072;&#1085;&#1085;&#1077;&#1088;&#1072;: &#1044;&#1077;&#1089;&#1082;&#1090;&#1086;&#1087;\/&#1052;&#1086;&#1073;&#1080;&#1083;&#1100;&#1085;&#1099;&#1081; 728x90\/300x300--><\/p>\n<p><!--&#1056;&#1072;&#1089;&#1087;&#1086;&#1083;&#1086;&#1078;&#1077;&#1085;&#1080;&#1077;: &#1050;&#1086;&#1085;&#1090;&#1077;&#1085;&#1090; &#1087;&#1086;&#1089;&#1083;&#1077; &#1074;&#1089;&#1090;&#1091;&#1087;&#1083;&#1077;&#1085;&#1080;&#1103;--><\/p>\n<div id=\"adfox_167032076949914564\" class=\"yandex_rtb_wrapper\"><\/div>\n<p><!-- Item fulltext --><\/p>\n<div class=\"itemFullText\">\n<blockquote>\n<p>\u201c\u00a1Teixeira, soy tu fan!\u201d escribi\u00f3 el ruso en la red social luego del torneo UFC 283, refiri\u00e9ndose al brasile\u00f1o.<\/p>\n<\/blockquote>\n<p>La pelea por el t\u00edtulo de los pesos semipesados, que ten\u00eda el cintur\u00f3n vacante del campeonato de UFC dejado vacante por el lesionado Ji\u0159\u00ed Prochazka, lleg\u00f3 hasta el final y termin\u00f3 con la victoria del estadounidense por decisi\u00f3n un\u00e1nime con un marcador de 50-44 en tres ocasiones.<\/p>\n<p>Despu\u00e9s de la pelea, Glover Teixeira, de 43 a\u00f1os, cuyo rostro estaba completamente cubierto de sangre por los numerosos cortes de la sirena final, anunci\u00f3 su retiro de la carrera profesional.<\/p>\n<p>Posteriormente, el t\u00e9cnico del brasile\u00f1o, Jorge Guimaraes, inform\u00f3 que, a pesar de las temibles lesiones externas, su pupilo logr\u00f3 evitar lesiones graves.<\/p>\n<\/p>\n<\/div>\n<p><!--post-tags--><\/p>\n<p>Fuente: https:\/\/fighttime.ru\/news\/item\/30585-islam-makhachev-obratilsya-k-gloveru-tejshejre.html?rand=19907<\/p>\n","protected":false},"excerpt":{"rendered":"<p>El actual campe\u00f3n de peso ligero de UFC, Islam Makhachev, se mostr\u00f3 encantado con la actuaci\u00f3n de Glover Teixeira, a pesar de que el semipesado brasile\u00f1o fue derrotado en una pelea por el t\u00edtulo con el estadounidense Jamal Hill. \u201c\u00a1Teixeira, soy tu fan!\u201d escribi\u00f3 el ruso en la red social luego del torneo UFC 283, [&hellip;]<\/p>\n","protected":false},"author":1,"featured_media":343123,"comment_status":"","ping_status":"open","sticky":false,"template":"","format":"standard","meta":{"footnotes":""},"categories":[1171],"tags":[241,1361],"_links":{"self":[{"href":"https:\/\/wmmaa.org\/es\/wp-json\/wp\/v2\/posts\/343133"}],"collection":[{"href":"https:\/\/wmmaa.org\/es\/wp-json\/wp\/v2\/posts"}],"about":[{"href":"https:\/\/wmmaa.org\/es\/wp-json\/wp\/v2\/types\/post"}],"author":[{"embeddable":true,"href":"https:\/\/wmmaa.org\/es\/wp-json\/wp\/v2\/users\/1"}],"replies":[{"embeddable":true,"href":"https:\/\/wmmaa.org\/es\/wp-json\/wp\/v2\/comments?post=343133"}],"version-history":[{"count":0,"href":"https:\/\/wmmaa.org\/es\/wp-json\/wp\/v2\/posts\/343133\/revisions"}],"wp:featuredmedia":[{"embeddable":true,"href":"https:\/\/wmmaa.org\/es\/wp-json\/wp\/v2\/media\/343123"}],"wp:attachment":[{"href":"https:\/\/wmmaa.org\/es\/wp-json\/wp\/v2\/media?parent=343133"}],"wp:term":[{"taxonomy":"category","embeddable":true,"href":"https:\/\/wmmaa.org\/es\/wp-json\/wp\/v2\/categories?post=343133"},{"taxonomy":"post_tag","embeddable":true,"href":"https:\/\/wmmaa.org\/es\/wp-json\/wp\/v2\/tags?post=343133"}],"curies":[{"name":"wp","href":"https:\/\/api.w.org\/{rel}","templated":true}]}}