{"id":342899,"date":"2023-01-23T00:55:55","date_gmt":"2023-01-22T22:55:55","guid":{"rendered":"https:\/\/wmmaa.org\/glover-teixeira-escapa-de-lesiones-graves-durante-el-conflicto-de-ufc-283-con-jamahal-hill\/"},"modified":"2023-01-23T00:55:55","modified_gmt":"2023-01-22T22:55:55","slug":"glover-teixeira-escapa-de-lesiones-graves-durante-el-conflicto-de-ufc-283-con-jamahal-hill","status":"publish","type":"post","link":"https:\/\/wmmaa.org\/es\/glover-teixeira-escapa-de-lesiones-graves-durante-el-conflicto-de-ufc-283-con-jamahal-hill\/","title":{"rendered":"Glover Teixeira escapa de lesiones graves durante el conflicto de UFC 283 con Jamahal Hill"},"content":{"rendered":"<p>R\u00cdO DE JANEIRO &#8211; Glover Teixeira mostr\u00f3 un gran coraz\u00f3n en lo que termin\u00f3 siendo su pelea de retiro con Jamahal Hill en UFC 283, que se llev\u00f3 a cabo el s\u00e1bado por la noche en Brasil, pero finalmente evit\u00f3 lesiones graves. <\/p>\n<p>El veterano de 43 a\u00f1os perdi\u00f3 por decisi\u00f3n un\u00e1nime en R\u00edo de Janeiro tras una brutal paliza a manos de Hill, absorbiendo 232 <a rel=\"nofollow noopener\" target=\"_blank\" href=\"http:\/\/ufcstats.com\/fight-details\/dde7d29cc443e263\">huelgas significativas<\/a>pero de alguna manera logr\u00f3 sobrevivir cinco rondas e incluso amenazar a su oponente en el suelo en los minutos finales de acci\u00f3n. <\/p>\n<p>El antiguo manager de Teixeira, Jorge Guimaraes, le dijo a MMA Fighting que sufri\u00f3 \u00absolo cortes\u00bb durante la competencia de 25 minutos. <\/p>\n<p>\u00abHab\u00eda una lesi\u00f3n leve en la nariz, que Guimaraes habr\u00e1 revisado cuando regrese a Connecticut. Aparte de eso, est\u00e1 genial\u00bb, dijo Guimaraes. \u00c9l era [in hospital] durante un tiempo, pero el trato fue incre\u00edble\u00bb.<\/p>\n<p>El ex campe\u00f3n de UFC anunci\u00f3 su retiro de MMA durante su entrevista posterior a la pelea, revelando que ahora se concentrar\u00e1 en entrenar al campe\u00f3n de peso mediano de UFC Alex Pereira y otros. <\/p>\n<p>Teixeira cuelga los guantes despu\u00e9s de 33 victorias profesionales en 42 combates, superando a Jan Blachowicz, Quinton Jackson, Ryan Bader, Anthony Smith, Rashad Evans, Thiago Santos y Jared Cannonier. <\/p>\n<p>Fuente: https:\/\/www.mmafighting.com\/2023\/1\/22\/23566663\/glover-teixeira-avoids-major-injuries-ufc-283-war-jamahal-hill?rand=96749<\/p>\n","protected":false},"excerpt":{"rendered":"<p>R\u00cdO DE JANEIRO &#8211; Glover Teixeira mostr\u00f3 un gran coraz\u00f3n en lo que termin\u00f3 siendo su pelea de retiro con Jamahal Hill en UFC 283, que se llev\u00f3 a cabo el s\u00e1bado por la noche en Brasil, pero finalmente evit\u00f3 lesiones graves. El veterano de 43 a\u00f1os perdi\u00f3 por decisi\u00f3n un\u00e1nime en R\u00edo de Janeiro [&hellip;]<\/p>\n","protected":false},"author":1,"featured_media":342889,"comment_status":"","ping_status":"open","sticky":false,"template":"","format":"standard","meta":{"footnotes":""},"categories":[1171],"tags":[],"_links":{"self":[{"href":"https:\/\/wmmaa.org\/es\/wp-json\/wp\/v2\/posts\/342899"}],"collection":[{"href":"https:\/\/wmmaa.org\/es\/wp-json\/wp\/v2\/posts"}],"about":[{"href":"https:\/\/wmmaa.org\/es\/wp-json\/wp\/v2\/types\/post"}],"author":[{"embeddable":true,"href":"https:\/\/wmmaa.org\/es\/wp-json\/wp\/v2\/users\/1"}],"replies":[{"embeddable":true,"href":"https:\/\/wmmaa.org\/es\/wp-json\/wp\/v2\/comments?post=342899"}],"version-history":[{"count":0,"href":"https:\/\/wmmaa.org\/es\/wp-json\/wp\/v2\/posts\/342899\/revisions"}],"wp:featuredmedia":[{"embeddable":true,"href":"https:\/\/wmmaa.org\/es\/wp-json\/wp\/v2\/media\/342889"}],"wp:attachment":[{"href":"https:\/\/wmmaa.org\/es\/wp-json\/wp\/v2\/media?parent=342899"}],"wp:term":[{"taxonomy":"category","embeddable":true,"href":"https:\/\/wmmaa.org\/es\/wp-json\/wp\/v2\/categories?post=342899"},{"taxonomy":"post_tag","embeddable":true,"href":"https:\/\/wmmaa.org\/es\/wp-json\/wp\/v2\/tags?post=342899"}],"curies":[{"name":"wp","href":"https:\/\/api.w.org\/{rel}","templated":true}]}}