{"id":339055,"date":"2023-01-18T08:21:17","date_gmt":"2023-01-18T06:21:17","guid":{"rendered":"https:\/\/wmmaa.org\/petr-yan-designado-oponente-y-fecha-de-pelea-en-ufc\/"},"modified":"2023-01-18T08:21:17","modified_gmt":"2023-01-18T06:21:17","slug":"petr-yan-designado-oponente-y-fecha-de-pelea-en-ufc","status":"publish","type":"post","link":"https:\/\/wmmaa.org\/es\/petr-yan-designado-oponente-y-fecha-de-pelea-en-ufc\/","title":{"rendered":"Petr Yan designado oponente y fecha de pelea en UFC"},"content":{"rendered":"<div id=\"feat-img-reg\" class=\"relative\">\n <img decoding=\"async\" src=\"https:\/\/wmmaa.org\/wp-content\/uploads\/2023\/01\/00b76bc5f6ce3a8580ee9364c288ef59_XL.jpg\" alt=\"Petr Yan designado oponente y fecha de pelea en UFC\"><\/div>\n<p><!-- Item introtext --><\/p>\n<div class=\"itemIntroText\">\n<p>El ex campe\u00f3n de peso gallo de UFC, Petr Yan, regresar\u00e1 al oct\u00e1gono el 11 de marzo en UFC Fight Night 221 en Las Vegas, y el ruso se enfrentar\u00e1 a Merab Dvalishvili, en representaci\u00f3n de Georgia.<\/p>\n<\/p>\n<\/div>\n<p><!--AdFox START--><\/p>\n<p><!--&#1055;&#1083;&#1086;&#1097;&#1072;&#1076;&#1082;&#1072;: FightTime.ru \/ * \/ *--><\/p>\n<p><!--&#1058;&#1080;&#1087; &#1073;&#1072;&#1085;&#1085;&#1077;&#1088;&#1072;: &#1044;&#1077;&#1089;&#1082;&#1090;&#1086;&#1087;\/&#1052;&#1086;&#1073;&#1080;&#1083;&#1100;&#1085;&#1099;&#1081; 728x90\/300x300--><\/p>\n<p><!--&#1056;&#1072;&#1089;&#1087;&#1086;&#1083;&#1086;&#1078;&#1077;&#1085;&#1080;&#1077;: &#1050;&#1086;&#1085;&#1090;&#1077;&#1085;&#1090; &#1087;&#1086;&#1089;&#1083;&#1077; &#1074;&#1089;&#1090;&#1091;&#1087;&#1083;&#1077;&#1085;&#1080;&#1103;--><\/p>\n<div id=\"adfox_167032076949914564\" class=\"yandex_rtb_wrapper\"><\/div>\n<p><!-- Item fulltext --><\/p>\n<div class=\"itemFullText\">\n<p>La organizaci\u00f3n de un combate a cinco asaltos que encabezar\u00e1 el evento fue reportada por fuentes informadas cercanas a la situaci\u00f3n.<\/p>\n<p>Merab Dvalishvili en agosto pasado extendi\u00f3 su racha ganadora a ocho partidos, ganando por decisi\u00f3n un\u00e1nime contra el legendario Jos\u00e9 Aldo, y Petr Yan sufri\u00f3 una segunda derrota consecutiva en octubre, perdiendo por decisi\u00f3n dividida ante Sean O&#8217;Malley.<\/p>\n<p>Por el momento, Peter Yan y Merab Dvalishvili ocupan la segunda y tercera l\u00ednea en el ranking de la divisi\u00f3n de peso gallo de UFC, respectivamente.<\/p>\n<div id=\"mc-poll\"><\/div>\n<\/p>\n<\/div>\n<p><!--post-tags--><\/p>\n<p>Fuente: https:\/\/fighttime.ru\/news\/item\/30538-petru-yanu-naznachen-sopernik-i-data-boya-v-ufc.html?rand=19907<\/p>\n","protected":false},"excerpt":{"rendered":"<p>El ex campe\u00f3n de peso gallo de UFC, Petr Yan, regresar\u00e1 al oct\u00e1gono el 11 de marzo en UFC Fight Night 221 en Las Vegas, y el ruso se enfrentar\u00e1 a Merab Dvalishvili, en representaci\u00f3n de Georgia. La organizaci\u00f3n de un combate a cinco asaltos que encabezar\u00e1 el evento fue reportada por fuentes informadas cercanas [&hellip;]<\/p>\n","protected":false},"author":1,"featured_media":339031,"comment_status":"","ping_status":"open","sticky":false,"template":"","format":"standard","meta":{"footnotes":""},"categories":[1171],"tags":[552,3757,15],"_links":{"self":[{"href":"https:\/\/wmmaa.org\/es\/wp-json\/wp\/v2\/posts\/339055"}],"collection":[{"href":"https:\/\/wmmaa.org\/es\/wp-json\/wp\/v2\/posts"}],"about":[{"href":"https:\/\/wmmaa.org\/es\/wp-json\/wp\/v2\/types\/post"}],"author":[{"embeddable":true,"href":"https:\/\/wmmaa.org\/es\/wp-json\/wp\/v2\/users\/1"}],"replies":[{"embeddable":true,"href":"https:\/\/wmmaa.org\/es\/wp-json\/wp\/v2\/comments?post=339055"}],"version-history":[{"count":0,"href":"https:\/\/wmmaa.org\/es\/wp-json\/wp\/v2\/posts\/339055\/revisions"}],"wp:featuredmedia":[{"embeddable":true,"href":"https:\/\/wmmaa.org\/es\/wp-json\/wp\/v2\/media\/339031"}],"wp:attachment":[{"href":"https:\/\/wmmaa.org\/es\/wp-json\/wp\/v2\/media?parent=339055"}],"wp:term":[{"taxonomy":"category","embeddable":true,"href":"https:\/\/wmmaa.org\/es\/wp-json\/wp\/v2\/categories?post=339055"},{"taxonomy":"post_tag","embeddable":true,"href":"https:\/\/wmmaa.org\/es\/wp-json\/wp\/v2\/tags?post=339055"}],"curies":[{"name":"wp","href":"https:\/\/api.w.org\/{rel}","templated":true}]}}