{"id":338056,"date":"2023-01-16T23:55:17","date_gmt":"2023-01-16T21:55:17","guid":{"rendered":"https:\/\/wmmaa.org\/claudio-silva-quien-fue-el-primero-en-vencer-a-leon-edwards-en-ufc-se-retira-de-las-mma\/"},"modified":"2023-01-16T23:55:17","modified_gmt":"2023-01-16T21:55:17","slug":"claudio-silva-quien-fue-el-primero-en-vencer-a-leon-edwards-en-ufc-se-retira-de-las-mma","status":"publish","type":"post","link":"https:\/\/wmmaa.org\/es\/claudio-silva-quien-fue-el-primero-en-vencer-a-leon-edwards-en-ufc-se-retira-de-las-mma\/","title":{"rendered":"Claudio Silva, quien fue el primero en vencer a Leon Edwards en UFC se retira de las MMA"},"content":{"rendered":"<p>Claudio Silva decidi\u00f3 retirarse de las MMA casi cinco meses despu\u00e9s de su liberaci\u00f3n de UFC, anunci\u00f3 el veterano de peso welter en una publicaci\u00f3n en las redes sociales dirigida a su \u00abfamilia, fan\u00e1ticos, amigos y enemigos\u00bb.<\/p>\n<p>\u00abDesde que comenc\u00e9 a competir en MMA y UFC no tengo m\u00e1s que recuerdos positivos y momentos especiales que nunca olvidar\u00e9\u00bb, escribi\u00f3 Silva. \u00abGracias a todos los que me ayudaron a alcanzar mis metas como hombre, atleta y deportista. Solo deseo lo mejor a todos mis entrenadores, fan\u00e1ticos, amigos y familiares\u00bb.<\/p>\n<p>Silva, de 40 a\u00f1os, compiti\u00f3 en el UFC entre 2014 y 2022 y obtuvo grandes victorias sobre el futuro campe\u00f3n de las 170 libras Leon Edwards, Nordine Taleb y Danny Roberts. Despu\u00e9s de las derrotas de Court McGee, James Krause y Nicolas Dalby, el UFC rompi\u00f3 todos los lazos. <\/p>\n<p>El boxeador brasile\u00f1o, que se va con un r\u00e9cord de 14-4, ha lidiado con varias lesiones a lo largo de su carrera en el oct\u00e1gono, y se vio obligado a salir de la jaula durante casi cuatro a\u00f1os luego de su victoria por decisi\u00f3n dividida sobre \u00abRocky\u00bb en Brasil. Edwards solo ha perdido una vez desde entonces, vengando una derrota por decisi\u00f3n ante Kamaru Usman para capturar el t\u00edtulo de UFC en agosto de 2022. <\/p>\n<p> Vea la declaraci\u00f3n completa de Silva a continuaci\u00f3n. <\/p>\n<div>\n<blockquote class=\"instagram-media\" data-instgrm-captioned=\"\" data-instgrm-permalink=\"https:\/\/www.instagram.com\/p\/CncnZjYjGFS\/?utm_source=ig_embed&amp;utm_campaign=loading\" data-instgrm-version=\"14\" style=\"background:#FFF;border:0;border-radius:3px;margin: 1px;max-width:658px;min-width:326px;padding:0;width:99.375%;width:-webkit-calc(100% - 2px);width:calc(100% - 2px)\">\n<div style=\"padding:16px\"> <a rel=\"nofollow noopener\" target=\"_blank\" href=\"https:\/\/www.instagram.com\/p\/CncnZjYjGFS\/?utm_source=ig_embed&amp;utm_campaign=loading\" style=\"background:#FFFFFF;line-height:0;padding:0 0;text-align:center;text-decoration:none;width:100%\"> <\/p>\n<div style=\"flex-direction: row;align-items: center\">\n<div style=\"background-color: #F4F4F4;border-radius: 50%;flex-grow: 0;height: 40px;margin-right: 14px;width: 40px\"><\/div>\n<div style=\"flex-direction: column;flex-grow: 1;justify-content: center\">\n<div style=\"background-color: #F4F4F4;border-radius: 4px;flex-grow: 0;height: 14px;margin-bottom: 6px;width: 100px\"><\/div>\n<div style=\"background-color: #F4F4F4;border-radius: 4px;flex-grow: 0;height: 14px;width: 60px\"><\/div>\n<\/div>\n<\/div>\n<div style=\"padding: 19% 0\"><\/div>\n<div style=\"height:50px;margin:0 auto 12px;width:50px\"><\/div>\n<div style=\"padding-top: 8px\">\n<div style=\"color:#3897f0;font-family:Arial,sans-serif;font-size:14px;font-style:normal;font-weight:550;line-height:18px\">Ver esta publicaci\u00f3n en Instagram<\/div>\n<\/div>\n<div style=\"padding: 12.5% 0\"><\/div>\n<div style=\"flex-direction: row;margin-bottom: 14px;align-items: center\">\n<div>\n<div style=\"background-color: #F4F4F4;border-radius: 50%;height: 12.5px;width: 12.5px\"><\/div>\n<div style=\"background-color: #F4F4F4;height: 12.5px;width: 12.5px;flex-grow: 0;margin-right: 14px;margin-left: 2px\"><\/div>\n<div style=\"background-color: #F4F4F4;border-radius: 50%;height: 12.5px;width: 12.5px\"><\/div>\n<\/div>\n<div style=\"margin-left: 8px\">\n<div style=\"background-color: #F4F4F4;border-radius: 50%;flex-grow: 0;height: 20px;width: 20px\"><\/div>\n<div style=\"width: 0;height: 0;border-top: 2px solid transparent;border-left: 6px solid #f4f4f4;border-bottom: 2px solid transparent\"><\/div>\n<\/div>\n<div style=\"margin-left: auto\">\n<div style=\"width: 0px;border-top: 8px solid #F4F4F4;border-right: 8px solid transparent\"><\/div>\n<div style=\"background-color: #F4F4F4;flex-grow: 0;height: 12px;width: 16px\"><\/div>\n<div style=\"width: 0;height: 0;border-top: 8px solid #F4F4F4;border-left: 8px solid transparent\"><\/div>\n<\/div>\n<\/div>\n<div style=\"flex-direction: column;flex-grow: 1;justify-content: center;margin-bottom: 24px\">\n<div style=\"background-color: #F4F4F4;border-radius: 4px;flex-grow: 0;height: 14px;margin-bottom: 6px;width: 224px\"><\/div>\n<div style=\"background-color: #F4F4F4;border-radius: 4px;flex-grow: 0;height: 14px;width: 144px\"><\/div>\n<\/div>\n<p><\/a><\/p>\n<p style=\"color:#c9c8cd;font-family:Arial,sans-serif;font-size:14px;line-height:17px;margin-bottom:0;margin-top:8px;overflow:hidden;padding:8px 0 7px;text-align:center\"><a rel=\"nofollow noopener\" target=\"_blank\" href=\"https:\/\/www.instagram.com\/p\/CncnZjYjGFS\/?utm_source=ig_embed&amp;utm_campaign=loading\" style=\"color:#c9c8cd;font-family:Arial,sans-serif;font-size:14px;font-style:normal;font-weight:normal;line-height:17px;text-decoration:none\">Una publicaci\u00f3n compartida por Claudio Hannibal UFC (@claudiohannibalsilva)<\/a><\/p>\n<\/div>\n<\/blockquote>\n<\/div>\n<p>Fuente: https:\/\/www.mmafighting.com\/2023\/1\/16\/23557457\/leon-edwards-ufc-claudio-silva-retires-mma?rand=96749<\/p>\n","protected":false},"excerpt":{"rendered":"<p>Claudio Silva decidi\u00f3 retirarse de las MMA casi cinco meses despu\u00e9s de su liberaci\u00f3n de UFC, anunci\u00f3 el veterano de peso welter en una publicaci\u00f3n en las redes sociales dirigida a su \u00abfamilia, fan\u00e1ticos, amigos y enemigos\u00bb. \u00abDesde que comenc\u00e9 a competir en MMA y UFC no tengo m\u00e1s que recuerdos positivos y momentos especiales [&hellip;]<\/p>\n","protected":false},"author":1,"featured_media":338035,"comment_status":"","ping_status":"open","sticky":false,"template":"","format":"standard","meta":{"footnotes":""},"categories":[1171],"tags":[],"_links":{"self":[{"href":"https:\/\/wmmaa.org\/es\/wp-json\/wp\/v2\/posts\/338056"}],"collection":[{"href":"https:\/\/wmmaa.org\/es\/wp-json\/wp\/v2\/posts"}],"about":[{"href":"https:\/\/wmmaa.org\/es\/wp-json\/wp\/v2\/types\/post"}],"author":[{"embeddable":true,"href":"https:\/\/wmmaa.org\/es\/wp-json\/wp\/v2\/users\/1"}],"replies":[{"embeddable":true,"href":"https:\/\/wmmaa.org\/es\/wp-json\/wp\/v2\/comments?post=338056"}],"version-history":[{"count":0,"href":"https:\/\/wmmaa.org\/es\/wp-json\/wp\/v2\/posts\/338056\/revisions"}],"wp:featuredmedia":[{"embeddable":true,"href":"https:\/\/wmmaa.org\/es\/wp-json\/wp\/v2\/media\/338035"}],"wp:attachment":[{"href":"https:\/\/wmmaa.org\/es\/wp-json\/wp\/v2\/media?parent=338056"}],"wp:term":[{"taxonomy":"category","embeddable":true,"href":"https:\/\/wmmaa.org\/es\/wp-json\/wp\/v2\/categories?post=338056"},{"taxonomy":"post_tag","embeddable":true,"href":"https:\/\/wmmaa.org\/es\/wp-json\/wp\/v2\/tags?post=338056"}],"curies":[{"name":"wp","href":"https:\/\/api.w.org\/{rel}","templated":true}]}}