{"id":333677,"date":"2023-01-10T18:24:09","date_gmt":"2023-01-10T16:24:09","guid":{"rendered":"https:\/\/wmmaa.org\/kelvin-gastelum-se-pronuncio-tras-la-cancelacion-de-la-pelea-con-nassurdin-imavov\/"},"modified":"2023-01-10T18:24:09","modified_gmt":"2023-01-10T16:24:09","slug":"kelvin-gastelum-se-pronuncio-tras-la-cancelacion-de-la-pelea-con-nassurdin-imavov","status":"publish","type":"post","link":"https:\/\/wmmaa.org\/es\/kelvin-gastelum-se-pronuncio-tras-la-cancelacion-de-la-pelea-con-nassurdin-imavov\/","title":{"rendered":"Kelvin Gastelum se pronunci\u00f3 tras la cancelaci\u00f3n de la pelea con Nassurdin Imavov"},"content":{"rendered":"<div id=\"feat-img-reg\" class=\"relative\">\n <img decoding=\"async\" src=\"https:\/\/wmmaa.org\/wp-content\/uploads\/2023\/01\/ef4d3c161c4df6dc8f9ea11c05b63133_XL.jpg\" alt=\"Kelvin Gastelum se pronunci\u00f3 tras la cancelaci\u00f3n de la pelea con Nassurdin Imavov\"><\/div>\n<p><!-- Item introtext --><\/p>\n<div class=\"itemIntroText\">\n<p>El peso mediano de UFC Kelvin Gastelum ten\u00eda una buena raz\u00f3n para retirarse de su pelea contra Nassurdin Imavov, quien estaba programado para encabezar UFC Fight Night 217 en Las Vegas el 14 de enero.<\/p>\n<\/p>\n<\/div>\n<p><!--AdFox START--><\/p>\n<p><!--&#1055;&#1083;&#1086;&#1097;&#1072;&#1076;&#1082;&#1072;: FightTime.ru \/ * \/ *--><\/p>\n<p><!--&#1058;&#1080;&#1087; &#1073;&#1072;&#1085;&#1085;&#1077;&#1088;&#1072;: &#1044;&#1077;&#1089;&#1082;&#1090;&#1086;&#1087;\/&#1052;&#1086;&#1073;&#1080;&#1083;&#1100;&#1085;&#1099;&#1081; 728x90\/300x300--><\/p>\n<p><!--&#1056;&#1072;&#1089;&#1087;&#1086;&#1083;&#1086;&#1078;&#1077;&#1085;&#1080;&#1077;: &#1050;&#1086;&#1085;&#1090;&#1077;&#1085;&#1090; &#1087;&#1086;&#1089;&#1083;&#1077; &#1074;&#1089;&#1090;&#1091;&#1087;&#1083;&#1077;&#1085;&#1080;&#1103;--><\/p>\n<div id=\"adfox_167032076949914564\" class=\"yandex_rtb_wrapper\"><\/div>\n<p><!-- Item fulltext --><\/p>\n<div class=\"itemFullText\">\n<p>Poco despu\u00e9s de que se anunciara oficialmente que Sean Strickland pelear\u00eda con Imavov, Gastelum public\u00f3 un video de una operaci\u00f3n dental que mostraba el da\u00f1o que hab\u00eda sufrido en el entrenamiento.<\/p>\n<p>Adem\u00e1s, el peleador estadounidense se disculp\u00f3 con su oponente, fan\u00e1ticos y UFC.<\/p>\n<blockquote>\n<p>\u201cEstoy extremadamente decepcionado, por decir lo menos\u201d, escribi\u00f3 Gastelum en la red social. \u201cAs\u00ed no es como quer\u00eda comenzar 2023. Trabaj\u00e9 al m\u00e1ximo y estaba listo para dar un gran espect\u00e1culo este fin de semana. Me disculpo con Imavov, su equipo, as\u00ed como con el UFC y todos los fan\u00e1ticos\u00bb.<\/p>\n<\/blockquote>\n<p>Gastelum no explic\u00f3 exactamente c\u00f3mo sufri\u00f3 la lesi\u00f3n, pero fuentes informadas informan de un \u00abimpacto accidental durante el entrenamiento\u00bb.<\/p>\n<p>El duelo entre Sean Strickland y Nassurdin Imavov sigue siendo una pelea de cinco asaltos, pero se llevar\u00e1 a cabo no en el medio, sino en la categor\u00eda de peso semipesado.<\/p>\n<\/p>\n<\/div>\n<p><!--post-tags--><\/p>\n<p>Fuente: https:\/\/fighttime.ru\/news\/item\/30472-kelvin-gastelum-sdelal-zayavlenie-posle-otmeny-boya-s-nassurdinom-imavovym.html?rand=19907<\/p>\n","protected":false},"excerpt":{"rendered":"<p>El peso mediano de UFC Kelvin Gastelum ten\u00eda una buena raz\u00f3n para retirarse de su pelea contra Nassurdin Imavov, quien estaba programado para encabezar UFC Fight Night 217 en Las Vegas el 14 de enero. Poco despu\u00e9s de que se anunciara oficialmente que Sean Strickland pelear\u00eda con Imavov, Gastelum public\u00f3 un video de una operaci\u00f3n [&hellip;]<\/p>\n","protected":false},"author":1,"featured_media":333582,"comment_status":"","ping_status":"open","sticky":false,"template":"","format":"standard","meta":{"footnotes":""},"categories":[1171],"tags":[371,2182,386],"_links":{"self":[{"href":"https:\/\/wmmaa.org\/es\/wp-json\/wp\/v2\/posts\/333677"}],"collection":[{"href":"https:\/\/wmmaa.org\/es\/wp-json\/wp\/v2\/posts"}],"about":[{"href":"https:\/\/wmmaa.org\/es\/wp-json\/wp\/v2\/types\/post"}],"author":[{"embeddable":true,"href":"https:\/\/wmmaa.org\/es\/wp-json\/wp\/v2\/users\/1"}],"replies":[{"embeddable":true,"href":"https:\/\/wmmaa.org\/es\/wp-json\/wp\/v2\/comments?post=333677"}],"version-history":[{"count":0,"href":"https:\/\/wmmaa.org\/es\/wp-json\/wp\/v2\/posts\/333677\/revisions"}],"wp:featuredmedia":[{"embeddable":true,"href":"https:\/\/wmmaa.org\/es\/wp-json\/wp\/v2\/media\/333582"}],"wp:attachment":[{"href":"https:\/\/wmmaa.org\/es\/wp-json\/wp\/v2\/media?parent=333677"}],"wp:term":[{"taxonomy":"category","embeddable":true,"href":"https:\/\/wmmaa.org\/es\/wp-json\/wp\/v2\/categories?post=333677"},{"taxonomy":"post_tag","embeddable":true,"href":"https:\/\/wmmaa.org\/es\/wp-json\/wp\/v2\/tags?post=333677"}],"curies":[{"name":"wp","href":"https:\/\/api.w.org\/{rel}","templated":true}]}}