{"id":332821,"date":"2023-01-09T08:52:17","date_gmt":"2023-01-09T06:52:17","guid":{"rendered":"https:\/\/wmmaa.org\/nurullo-aliyev-designado-pelea-de-debut-en-el-ufc\/"},"modified":"2023-01-09T08:52:17","modified_gmt":"2023-01-09T06:52:17","slug":"nurullo-aliyev-designado-pelea-de-debut-en-el-ufc","status":"publish","type":"post","link":"https:\/\/wmmaa.org\/es\/nurullo-aliyev-designado-pelea-de-debut-en-el-ufc\/","title":{"rendered":"Nurullo Aliyev designado pelea de debut en el UFC"},"content":{"rendered":"<div id=\"feat-img-reg\" class=\"relative\">\n <img decoding=\"async\" src=\"https:\/\/wmmaa.org\/wp-content\/uploads\/2023\/01\/967818ffba1e585469d83ba563468966_XL.jpg\" alt=\"Nurullo Aliyev designado pelea de debut en el UFC\"><\/div>\n<p><!-- Item introtext --><\/p>\n<div class=\"itemIntroText\">\n<p>El representante de Tayikist\u00e1n Nurullo Aliyev, de 23 a\u00f1os, quien recibi\u00f3 un contrato con el UFC en septiembre pasado gracias a una exitosa actuaci\u00f3n en el show Contender Series de Dana White, har\u00e1 su debut bajo la bandera de la organizaci\u00f3n el 25 de febrero en UFC Fight Night. 220 en Las Vegas, y su oponente ser\u00e1 el brasile\u00f1o Rafael Alves, de 32 a\u00f1os.<\/p>\n<\/p>\n<\/div>\n<p><!--AdFox START--><\/p>\n<p><!--&#1055;&#1083;&#1086;&#1097;&#1072;&#1076;&#1082;&#1072;: FightTime.ru \/ * \/ *--><\/p>\n<p><!--&#1058;&#1080;&#1087; &#1073;&#1072;&#1085;&#1085;&#1077;&#1088;&#1072;: &#1044;&#1077;&#1089;&#1082;&#1090;&#1086;&#1087;\/&#1052;&#1086;&#1073;&#1080;&#1083;&#1100;&#1085;&#1099;&#1081; 728x90\/300x300--><\/p>\n<p><!--&#1056;&#1072;&#1089;&#1087;&#1086;&#1083;&#1086;&#1078;&#1077;&#1085;&#1080;&#1077;: &#1050;&#1086;&#1085;&#1090;&#1077;&#1085;&#1090; &#1087;&#1086;&#1089;&#1083;&#1077; &#1074;&#1089;&#1090;&#1091;&#1087;&#1083;&#1077;&#1085;&#1080;&#1103;--><\/p>\n<div id=\"adfox_167032076949914564\" class=\"yandex_rtb_wrapper\"><\/div>\n<p><!-- Item fulltext --><\/p>\n<div class=\"itemFullText\">\n<p>Fuentes informadas cercanas a la situaci\u00f3n informaron sobre la organizaci\u00f3n de la pelea de peso ligero.<\/p>\n<p>En el show de selecci\u00f3n del presidente de UFC, el invicto Nurullo Aliyev logr\u00f3 su s\u00e9ptima victoria profesional, ya en el primer round finalizando con nocaut t\u00e9cnico sobre el estadounidense Josh Wick.<\/p>\n<p>Rafael Alves, quien tambi\u00e9n ingres\u00f3 a UFC en 2020 a trav\u00e9s del programa Contender Series de Dana White, pele\u00f3 tres peleas en la liga m\u00e1s fuerte del mundo, perdiendo por decisi\u00f3n ante Damir Ismagulov, terminando con un estrangulamiento de Mark Diakezi, y perdiendo por nocaut ante Drew. d\u00f3ber.<\/p>\n<\/p>\n<\/div>\n<p><!--post-tags--><\/p>\n<p>Fuente: https:\/\/fighttime.ru\/news\/item\/30462-nurullo-alievu-naznachen-debyutnyj-boj-v-ufc.html?rand=19907<\/p>\n","protected":false},"excerpt":{"rendered":"<p>El representante de Tayikist\u00e1n Nurullo Aliyev, de 23 a\u00f1os, quien recibi\u00f3 un contrato con el UFC en septiembre pasado gracias a una exitosa actuaci\u00f3n en el show Contender Series de Dana White, har\u00e1 su debut bajo la bandera de la organizaci\u00f3n el 25 de febrero en UFC Fight Night. 220 en Las Vegas, y su [&hellip;]<\/p>\n","protected":false},"author":1,"featured_media":332809,"comment_status":"","ping_status":"open","sticky":false,"template":"","format":"standard","meta":{"footnotes":""},"categories":[1171],"tags":[3092],"_links":{"self":[{"href":"https:\/\/wmmaa.org\/es\/wp-json\/wp\/v2\/posts\/332821"}],"collection":[{"href":"https:\/\/wmmaa.org\/es\/wp-json\/wp\/v2\/posts"}],"about":[{"href":"https:\/\/wmmaa.org\/es\/wp-json\/wp\/v2\/types\/post"}],"author":[{"embeddable":true,"href":"https:\/\/wmmaa.org\/es\/wp-json\/wp\/v2\/users\/1"}],"replies":[{"embeddable":true,"href":"https:\/\/wmmaa.org\/es\/wp-json\/wp\/v2\/comments?post=332821"}],"version-history":[{"count":0,"href":"https:\/\/wmmaa.org\/es\/wp-json\/wp\/v2\/posts\/332821\/revisions"}],"wp:featuredmedia":[{"embeddable":true,"href":"https:\/\/wmmaa.org\/es\/wp-json\/wp\/v2\/media\/332809"}],"wp:attachment":[{"href":"https:\/\/wmmaa.org\/es\/wp-json\/wp\/v2\/media?parent=332821"}],"wp:term":[{"taxonomy":"category","embeddable":true,"href":"https:\/\/wmmaa.org\/es\/wp-json\/wp\/v2\/categories?post=332821"},{"taxonomy":"post_tag","embeddable":true,"href":"https:\/\/wmmaa.org\/es\/wp-json\/wp\/v2\/tags?post=332821"}],"curies":[{"name":"wp","href":"https:\/\/api.w.org\/{rel}","templated":true}]}}