{"id":330378,"date":"2023-01-04T20:12:02","date_gmt":"2023-01-04T18:12:02","guid":{"rendered":"https:\/\/wmmaa.org\/endred-critico-a-alvarez-por-elegir-a-su-proximo-oponente\/"},"modified":"2023-01-04T20:12:02","modified_gmt":"2023-01-04T18:12:02","slug":"endred-critico-a-alvarez-por-elegir-a-su-proximo-oponente","status":"publish","type":"post","link":"https:\/\/wmmaa.org\/es\/endred-critico-a-alvarez-por-elegir-a-su-proximo-oponente\/","title":{"rendered":"Endred critic\u00f3 a \u00c1lvarez por elegir a su pr\u00f3ximo oponente"},"content":{"rendered":"<p><img decoding=\"async\" src=\"https:\/\/wmmaa.org\/wp-content\/uploads\/2023\/01\/14a5b9a61caf46b6d5a8575dc3808d66.jpg\" alt=\"\"><\/p>\n<div>\n<p> El excampe\u00f3n mundial de peso mediano estadounidense Demetrius Andrade (31-0, 19 KOs) critic\u00f3 la pr\u00f3xima pelea del campe\u00f3n absoluto mexicano de la divisi\u00f3n s\u00faper mediano (hasta 76.2 kg) Canelo Alvarez (58-2-2, 39 KOs) contra el due\u00f1o del t\u00edtulo \u00abtemporal\u00bb de la OMB brit\u00e1nica John Ryder (31-5, 17 KOs), que, si la recuperaci\u00f3n de Canelo de la cirug\u00eda en su mano lesionada va de acuerdo con los pron\u00f3sticos de los m\u00e9dicos, tendr\u00e1 lugar a principios de mayo, presumiblemente en el Reino Unido.\n<\/p>\n<p> Endred no tiene nada en contra de Ryder, pero reprocha a \u00c1lvarez por elegir un oponente de paso.\n<\/p>\n<p> Tenga en cuenta que Andred podr\u00eda convertirse \u00e9l mismo en el campe\u00f3n \u00abinterino\u00bb de la OMB con 76,2 kg, pero el a\u00f1o pasado se neg\u00f3 a pelear contra Zach Parker debido a una tarifa insatisfactoria para \u00e9l. Como resultado, Ryder subi\u00f3 al ring contra Parker, gan\u00f3 y se convirti\u00f3 en el retador obligatorio de Canelo.\n<\/p>\n<p> \u201cM\u00e1s mierda, hermano\u201d, respondi\u00f3 Demetrius cuando se le pregunt\u00f3 qu\u00e9 pensaba de la pelea de Alvarez-Ryder. \u201cMierda, tal como es. Acabo de llamar a las cosas por su nombre y esta es otra pelea f\u00e1cil (para \u00c1lvarez). Otra raz\u00f3n para que \u00e9l salga y gane y diga: \u00abLucho contra los mejores\u00bb. Sin faltarle el respeto a Ryder, pero kamon, \u00e9l no es el mejor\u00bb.\n<\/p>\n<p> El propio Andred no subi\u00f3 al ring en absoluto en 2022, y 2023 comenzar\u00e1 este s\u00e1bado con una pelea contra un compatriota poco conocido, Demond Nicholson, como parte del espect\u00e1culo Davis-Garcia.\n<\/p>\n<p>\n <i><span>Una fuente: <\/span><\/i><br \/>\n <a rel=\"nofollow noopener\" target=\"_blank\" href=\"https:\/\/www.boxingscene.com\/\"><i><span>escena de boxeo<\/span><\/i><\/a><\/p>\n<\/p>\n<\/div>\n<p>Fuente: https:\/\/vringe.com\/news\/161644-endred-raskritikoval-alvaresa-za-vybor-sleduyushchego-sopernika.htm?rand=141343<\/p>\n","protected":false},"excerpt":{"rendered":"<p>El excampe\u00f3n mundial de peso mediano estadounidense Demetrius Andrade (31-0, 19 KOs) critic\u00f3 la pr\u00f3xima pelea del campe\u00f3n absoluto mexicano de la divisi\u00f3n s\u00faper mediano (hasta 76.2 kg) Canelo Alvarez (58-2-2, 39 KOs) contra el due\u00f1o del t\u00edtulo \u00abtemporal\u00bb de la OMB brit\u00e1nica John Ryder (31-5, 17 KOs), que, si la recuperaci\u00f3n de Canelo de [&hellip;]<\/p>\n","protected":false},"author":1,"featured_media":330336,"comment_status":"","ping_status":"open","sticky":false,"template":"","format":"standard","meta":{"footnotes":""},"categories":[1171],"tags":[],"_links":{"self":[{"href":"https:\/\/wmmaa.org\/es\/wp-json\/wp\/v2\/posts\/330378"}],"collection":[{"href":"https:\/\/wmmaa.org\/es\/wp-json\/wp\/v2\/posts"}],"about":[{"href":"https:\/\/wmmaa.org\/es\/wp-json\/wp\/v2\/types\/post"}],"author":[{"embeddable":true,"href":"https:\/\/wmmaa.org\/es\/wp-json\/wp\/v2\/users\/1"}],"replies":[{"embeddable":true,"href":"https:\/\/wmmaa.org\/es\/wp-json\/wp\/v2\/comments?post=330378"}],"version-history":[{"count":0,"href":"https:\/\/wmmaa.org\/es\/wp-json\/wp\/v2\/posts\/330378\/revisions"}],"wp:featuredmedia":[{"embeddable":true,"href":"https:\/\/wmmaa.org\/es\/wp-json\/wp\/v2\/media\/330336"}],"wp:attachment":[{"href":"https:\/\/wmmaa.org\/es\/wp-json\/wp\/v2\/media?parent=330378"}],"wp:term":[{"taxonomy":"category","embeddable":true,"href":"https:\/\/wmmaa.org\/es\/wp-json\/wp\/v2\/categories?post=330378"},{"taxonomy":"post_tag","embeddable":true,"href":"https:\/\/wmmaa.org\/es\/wp-json\/wp\/v2\/tags?post=330378"}],"curies":[{"name":"wp","href":"https:\/\/api.w.org\/{rel}","templated":true}]}}