{"id":326067,"date":"2022-12-27T20:21:03","date_gmt":"2022-12-27T18:21:03","guid":{"rendered":"https:\/\/wmmaa.org\/pense-que-era-un-estafador-carl-froch-revela-como-se-entero-de-que-fue-incluido-en-el-salon-de-la-fama-del-boxeo\/"},"modified":"2022-12-27T20:21:03","modified_gmt":"2022-12-27T18:21:03","slug":"pense-que-era-un-estafador-carl-froch-revela-como-se-entero-de-que-fue-incluido-en-el-salon-de-la-fama-del-boxeo","status":"publish","type":"post","link":"https:\/\/wmmaa.org\/es\/pense-que-era-un-estafador-carl-froch-revela-como-se-entero-de-que-fue-incluido-en-el-salon-de-la-fama-del-boxeo\/","title":{"rendered":"\u00abPens\u00e9 que era un estafador\u00bb. Carl Froch revela c\u00f3mo se enter\u00f3 de que fue incluido en el Sal\u00f3n de la Fama del Boxeo"},"content":{"rendered":"<p><img decoding=\"async\" src=\"https:\/\/wmmaa.org\/wp-content\/uploads\/2022\/12\/05fb620605db97b098597cde9ac8ffd7.jpg\" alt=\"\"><\/p>\n<div>\n<p> El ex campe\u00f3n mundial brit\u00e1nico de peso s\u00faper mediano, Carl Froch, detall\u00f3 sus sentimientos cuando supo que ser\u00eda incluido en el Sal\u00f3n de la Fama del Boxeo Internacional.\n<\/p>\n<p> Recordemos que Froch se destac\u00f3 en la categor\u00eda \u201cContempor\u00e1neos\u201d junto a Timothy Bradley y Rafael M\u00e1rquez. La lista completa de nuevos miembros se anunci\u00f3 el 7 de diciembre.\n<\/p>\n<p> \u201cEstaba llevando a mis hijas a la escuela y de camino a casa, cuando de repente son\u00f3 mi tel\u00e9fono y apareci\u00f3 un n\u00famero estadounidense en la pantalla\u201d, dice Carl. \u201cPens\u00e9 que era alg\u00fan tipo de estafa\u201d. El tipo de Am\u00e9rica en el tel\u00e9fono pregunt\u00f3: \u00ab\u00bfEs este Carl?\u00bb Dije: \u201cS\u00ed, es Carl. \u00bfQu\u00e9 te gustar\u00eda?\u00bb Se present\u00f3 como miembro del Sal\u00f3n de la Fama en Canastota\u00bb.\n<\/p>\n<p> \u201cSab\u00eda que estaba en la lista de candidatos. \u00ab\u00bfLlegu\u00e9 all\u00ed?\u00bb Pregunt\u00e9 y comenc\u00e9 a sentirme mareado por la emoci\u00f3n. Y dice que en 2023 ser\u00e9 exaltado al Sal\u00f3n de la Fama. Tuve que parar. No comenc\u00e9 a gritar ni nada, pero la se\u00f1al comenz\u00f3 a caer y no pod\u00eda dejar que la llamada cayera. As\u00ed que me detuve y tuvimos una buena conversaci\u00f3n\u00bb.\n<\/p>\n<p> \u00abFue simplemente incre\u00edble\u00bb, admite Froch. \u201cSaber que ser\u00e9 incluido en el Sal\u00f3n de la Fama junto con algunas de las leyendas del deporte, generaciones de luchadores de clase mundial. Se har\u00e1 un molde de yeso de mi brazo y se colocar\u00e1 all\u00ed mismo en la pared. Ya no necesito hablar sobre (la pelea en) el estadio de Wembley. Ahora estoy en el Sal\u00f3n de la Fama\u00bb.\n<\/p>\n<p> En noviembre, Froch recibi\u00f3 una lista de luchadores. Se le ocurri\u00f3 un nombre, y el veterano fue expulsado.\n<\/p>\n<\/p>\n<\/div>\n<p>Fuente: https:\/\/vringe.com\/news\/161505-karl-froch-rasskazal-kak-uznal-o-popadanii-v-zal-slavy-boksa.htm?rand=141343<\/p>\n","protected":false},"excerpt":{"rendered":"<p>El ex campe\u00f3n mundial brit\u00e1nico de peso s\u00faper mediano, Carl Froch, detall\u00f3 sus sentimientos cuando supo que ser\u00eda incluido en el Sal\u00f3n de la Fama del Boxeo Internacional. Recordemos que Froch se destac\u00f3 en la categor\u00eda \u201cContempor\u00e1neos\u201d junto a Timothy Bradley y Rafael M\u00e1rquez. La lista completa de nuevos miembros se anunci\u00f3 el 7 de [&hellip;]<\/p>\n","protected":false},"author":1,"featured_media":326054,"comment_status":"","ping_status":"open","sticky":false,"template":"","format":"standard","meta":{"footnotes":""},"categories":[1171],"tags":[],"_links":{"self":[{"href":"https:\/\/wmmaa.org\/es\/wp-json\/wp\/v2\/posts\/326067"}],"collection":[{"href":"https:\/\/wmmaa.org\/es\/wp-json\/wp\/v2\/posts"}],"about":[{"href":"https:\/\/wmmaa.org\/es\/wp-json\/wp\/v2\/types\/post"}],"author":[{"embeddable":true,"href":"https:\/\/wmmaa.org\/es\/wp-json\/wp\/v2\/users\/1"}],"replies":[{"embeddable":true,"href":"https:\/\/wmmaa.org\/es\/wp-json\/wp\/v2\/comments?post=326067"}],"version-history":[{"count":0,"href":"https:\/\/wmmaa.org\/es\/wp-json\/wp\/v2\/posts\/326067\/revisions"}],"wp:featuredmedia":[{"embeddable":true,"href":"https:\/\/wmmaa.org\/es\/wp-json\/wp\/v2\/media\/326054"}],"wp:attachment":[{"href":"https:\/\/wmmaa.org\/es\/wp-json\/wp\/v2\/media?parent=326067"}],"wp:term":[{"taxonomy":"category","embeddable":true,"href":"https:\/\/wmmaa.org\/es\/wp-json\/wp\/v2\/categories?post=326067"},{"taxonomy":"post_tag","embeddable":true,"href":"https:\/\/wmmaa.org\/es\/wp-json\/wp\/v2\/tags?post=326067"}],"curies":[{"name":"wp","href":"https:\/\/api.w.org\/{rel}","templated":true}]}}