{"id":324987,"date":"2022-12-25T18:38:50","date_gmt":"2022-12-25T16:38:50","guid":{"rendered":"https:\/\/wmmaa.org\/alerta-pri-madre-de-vitor-belfort-convirtio-tragedia-personal-en-mision-de-salvar-vidas\/"},"modified":"2022-12-25T18:38:50","modified_gmt":"2022-12-25T16:38:50","slug":"alerta-pri-madre-de-vitor-belfort-convirtio-tragedia-personal-en-mision-de-salvar-vidas","status":"publish","type":"post","link":"https:\/\/wmmaa.org\/es\/alerta-pri-madre-de-vitor-belfort-convirtio-tragedia-personal-en-mision-de-salvar-vidas\/","title":{"rendered":"&#8216;Alerta Pri&#8217;: Madre de Vitor Belfort convirti\u00f3 tragedia personal en misi\u00f3n de salvar vidas"},"content":{"rendered":"<p>Vitor Belfort vest\u00eda una camiseta que dec\u00eda \u00abVuelve, Priscila\u00bb cuando gan\u00f3 el campeonato de peso semipesado de la UFC en 2004, tres semanas despu\u00e9s de que su hermana desapareciera en R\u00edo de Janeiro. Casi 19 a\u00f1os despu\u00e9s, a\u00fan no hay un cuerpo encontrado ni una respuesta definitiva sobre el caso, pero la madre de Belfort ha encontrado la manera de convertir la tragedia en un prop\u00f3sito. <\/p>\n<p>Inspirada en la Alerta Amber de los Estados Unidos, un sistema creado para correr la voz entre la sociedad sobre ni\u00f1os secuestrados a trav\u00e9s de mensajes de texto SMS, Jovita Belfort comenz\u00f3 a hacer campa\u00f1a para un programa similar en su R\u00edo de Janeiro natal en 2019, tratando de ayudar a otras familias en su b\u00fasqueda para encontrar ni\u00f1os y adolescentes desaparecidos. <\/p>\n<p>Jovita Belfort fue invitada a hablar en la Asamblea Legislativa de R\u00edo de Janeiro pero tom\u00f3 a\u00f1os para que se hiciera realidad. Una vez que se convirti\u00f3 en una ley estatal en 2021 con el nombre de \u00abAlerta Pri\u00bb, un homenaje a su hija desaparecida, pens\u00f3 que las cosas finalmente iban en la direcci\u00f3n correcta. <\/p>\n<div class=\"c-float-right\">\n<figure class=\"e-image\"><span class=\"e-image__inner\"><\/p>\n<p> <span class=\"e-image__image \" data-original=\"https:\/\/cdn.vox-cdn.com\/uploads\/chorus_asset\/file\/24308711\/Captura_de_Tela_2022_12_21__s_14.35.22.png\"><\/p>\n<p><img decoding=\"async\" alt=\"\" data-upload-width=\"990\" src=\"https:\/\/wmmaa.org\/wp-content\/uploads\/2022\/12\/Captura_de_Tela_2022_12_21__s_14.35.22.png\"><\/span><\/p>\n<p> <\/span><\/p>\n<p> <span class=\"e-image__meta\"><\/p>\n<p> <cite>Foto v\u00eda Jovita Belfort<\/cite><\/p>\n<p> <\/span><\/p>\n<\/figure>\n<\/div>\n<p>\u00abTodav\u00eda vivo un duelo diario, un dolor diario\u00bb, dijo Jovita Belfort con MMA Fighting. \u00abPara m\u00ed, la mejor manera de lidiar con eso fue convertir mi dolor en una lucha para que otras personas no pasen por lo que yo pas\u00e9. Nada fue como cuando desapareci\u00f3 Priscila. Nada. Era como si estuviera atrapada en un vac\u00edo. Estaba cayendo por un agujero de conejo, un t\u00fanel \u00ab.<\/p>\n<p>.<\/p>\n<p>Jovita Belfort encontr\u00f3 ayuda en una ONG (organizaci\u00f3n no gubernamental) en Sao Paulo despu\u00e9s de su desaparici\u00f3n en 2004, una entidad que se especializaba en ayudar a las personas a lidiar con el dolor de tener familiares desaparecidos, y se dio cuenta de que la polic\u00eda necesitaba un organismo oficial especializado en tratar con esas situaciones. <\/p>\n<p>De acuerdo a <a rel=\"nofollow noopener\" target=\"_blank\" href=\"https:\/\/g1.globo.com\/rj\/rio-de-janeiro\/noticia\/2022\/05\/26\/com-apenas-uma-delegacia-especializada-rj-registra-mais-de-50-mil-desaparecidos-em-10-anos.ghtml\">datos proporcionados por el gobierno de R\u00edo de Janeiro<\/a>, 51,819 personas han desaparecido en el estado durante la \u00faltima d\u00e9cada. \u00abAlerta Pri\u00bb solo funcion\u00f3 durante tres meses en 2021, enviando mensajes SMS sobre la desaparici\u00f3n de 30 ni\u00f1os y, seg\u00fan Belfort, se encontraron 27. El sistema a\u00fan estaba cerrado despu\u00e9s de que las compa\u00f1\u00edas telef\u00f3nicas exigieran que el gobierno pagara para enviar los mensajes a la gente. <\/p>\n<p>\u00abNo mucha gente en Brasil presta atenci\u00f3n a las personas desaparecidas, as\u00ed que tuvimos que ganarnos los corazones y las mentes\u00bb, dijo Belfort, quien trabaja para el gobierno hoy como parte de la oficina de Desarrollo Social y Derechos Humanos de R\u00edo de Janeiro desde 2019. Lo m\u00e1s decepcionante de todo esto fue el hecho de que las compa\u00f1\u00edas telef\u00f3nicas decidieron irse despu\u00e9s de su \u00e9xito. Estamos indignados. Fue un gran \u00e9xito, \u00bfy ahora est\u00e1 suspendido? \u00bfCu\u00e1ntos ni\u00f1os se pudieron encontrar en el tiempo transcurrido desde entonces? \u00bfCu\u00e1les son los efectos de?\u00bb<\/p>\n<p> en las familias?<\/p>\n<p>Belfort dijo que la oficina actualmente est\u00e1 luchando contra las compa\u00f1\u00edas telef\u00f3nicas en los tribunales para que se restablezca el sistema, y \u200b\u200blamenta que esa herramienta podr\u00eda haber ayudado a encontrar a su hija en 2004. <\/p>\n<p>\u201cNo ten\u00edas tantas c\u00e1maras alrededor, no ten\u00edas Facebook o Instagram ni nada de eso\u201d, dijo. \u00abLa alerta es mucho m\u00e1s r\u00e1pida. Cuanto m\u00e1s r\u00e1pido publique una foto, mejores ser\u00e1n sus probabilidades de encontrarla\u00bb.<\/p>\n<p><strong>El caso Priscila Belfort<\/strong><\/p>\n<div class=\"c-float-right\">\n<figure class=\"e-image\"><span class=\"e-image__inner\"><\/p>\n<p> <span class=\"e-image__image \" data-original=\"https:\/\/cdn.vox-cdn.com\/uploads\/chorus_asset\/file\/24308717\/108123104.jpg\"><\/p>\n<p><img decoding=\"async\" alt=\"UFC 46: Belfort contra Couture\" data-upload-width=\"1929\" src=\"https:\/\/wmmaa.org\/wp-content\/uploads\/2022\/12\/108123104.jpg\"><\/span><\/p>\n<p> <\/span><\/p>\n<p> <span class=\"e-image__meta\"><figcaption>v\u00edtor belfort<\/figcaption><cite>Foto de Josh Hedges, Zuffa LLC, Getty Images<\/cite><\/p>\n<p> <\/span><\/p>\n<\/figure>\n<\/div>\n<p>Priscila Belfort fue vista por \u00faltima vez el 9 de enero de 2004, despu\u00e9s de salir del trabajo para almorzar. Nunca se envi\u00f3 una nota de rescate a la familia. Tres a\u00f1os despues, <a rel=\"nofollow noopener\" target=\"_blank\" href=\"https:\/\/www.otempo.com.br\/brasil\/mulher-admite-morte-de-priscila-belfort-1.277091\">dijo una mujer<\/a> ella fue una de las 10 personas que secuestraron y asesinaron a Priscila por una deuda, pero nunca se encontr\u00f3 ning\u00fan cuerpo. <\/p>\n<p>Vitor Belfort, firmado por UFC en ese momento, estaba programado para desafiar a Randy Couture por el campeonato de las 205 libras en Las Vegas el 31 de enero y gan\u00f3 por nocaut t\u00e9cnico en el primer asalto. El Phenom obviamente estaba emocionado durante y despu\u00e9s de la pelea, luciendo una camiseta en la que le suplicaba a su hermana que regresara. <\/p>\n<p>\u00abFue muy dif\u00edcil de ver porque sufri\u00f3 mucho\u00bb, dijo Jovita Belfort. Tambi\u00e9n comenz\u00f3 a sentirse deprimido. Pero [his wife] Joana lo ayud\u00f3 a mantener el \u00e1nimo en alto. Segu\u00eda pidi\u00e9ndome que le dijera que era para honrar a su hermana y dar a conocer su nombre. <\/p>\n<p>\u201cPero todav\u00eda le duele a \u00e9l, a Joana, a los ni\u00f1os y a mi hermana. No es f\u00e1cil saber si tu ser querido se encuentra bien, si est\u00e1 comiendo bien, si lo tratan bien o si ha muerto. Solo las personas que lo han experimentado algo similar puede entender como se siente. Tantas preguntas. Por eso me levanto cada ma\u00f1ana para poner de mi parte en la defensa de esta causa. Esta es mi manera de estar cerca de ella y de honrar su nombre, no solo de sufrir. V\u00edtor, mis nietos, mi nuera, ellos me dan esa fuerza\u00bb.<\/p>\n<p>Fuente: https:\/\/www.mmafighting.com\/2022\/12\/25\/23521029\/alerta-pri-vitor-belfort-mother-turned-personal-tragedy-lifesaving-mission-ufc?rand=96749<\/p>\n","protected":false},"excerpt":{"rendered":"<p>Vitor Belfort vest\u00eda una camiseta que dec\u00eda \u00abVuelve, Priscila\u00bb cuando gan\u00f3 el campeonato de peso semipesado de la UFC en 2004, tres semanas despu\u00e9s de que su hermana desapareciera en R\u00edo de Janeiro. Casi 19 a\u00f1os despu\u00e9s, a\u00fan no hay un cuerpo encontrado ni una respuesta definitiva sobre el caso, pero la madre de Belfort [&hellip;]<\/p>\n","protected":false},"author":1,"featured_media":324973,"comment_status":"","ping_status":"open","sticky":false,"template":"","format":"standard","meta":{"footnotes":""},"categories":[1171],"tags":[],"_links":{"self":[{"href":"https:\/\/wmmaa.org\/es\/wp-json\/wp\/v2\/posts\/324987"}],"collection":[{"href":"https:\/\/wmmaa.org\/es\/wp-json\/wp\/v2\/posts"}],"about":[{"href":"https:\/\/wmmaa.org\/es\/wp-json\/wp\/v2\/types\/post"}],"author":[{"embeddable":true,"href":"https:\/\/wmmaa.org\/es\/wp-json\/wp\/v2\/users\/1"}],"replies":[{"embeddable":true,"href":"https:\/\/wmmaa.org\/es\/wp-json\/wp\/v2\/comments?post=324987"}],"version-history":[{"count":0,"href":"https:\/\/wmmaa.org\/es\/wp-json\/wp\/v2\/posts\/324987\/revisions"}],"wp:featuredmedia":[{"embeddable":true,"href":"https:\/\/wmmaa.org\/es\/wp-json\/wp\/v2\/media\/324973"}],"wp:attachment":[{"href":"https:\/\/wmmaa.org\/es\/wp-json\/wp\/v2\/media?parent=324987"}],"wp:term":[{"taxonomy":"category","embeddable":true,"href":"https:\/\/wmmaa.org\/es\/wp-json\/wp\/v2\/categories?post=324987"},{"taxonomy":"post_tag","embeddable":true,"href":"https:\/\/wmmaa.org\/es\/wp-json\/wp\/v2\/tags?post=324987"}],"curies":[{"name":"wp","href":"https:\/\/api.w.org\/{rel}","templated":true}]}}