{"id":322588,"date":"2022-12-21T21:31:57","date_gmt":"2022-12-21T19:31:57","guid":{"rendered":"https:\/\/wmmaa.org\/sean-omalley-critico-a-aljamain-sterling-contra-henry-cejudo-me-vuelve-loco\/"},"modified":"2022-12-21T21:31:57","modified_gmt":"2022-12-21T19:31:57","slug":"sean-omalley-critico-a-aljamain-sterling-contra-henry-cejudo-me-vuelve-loco","status":"publish","type":"post","link":"https:\/\/wmmaa.org\/es\/sean-omalley-critico-a-aljamain-sterling-contra-henry-cejudo-me-vuelve-loco\/","title":{"rendered":"Sean O&#8217;Malley critic\u00f3 a Aljamain Sterling contra Henry Cejudo: \u00abMe vuelve loco\u00bb"},"content":{"rendered":"<p>Sean O&#8217;Malley est\u00e1 cada vez m\u00e1s impaciente mientras espera noticias sobre la pr\u00f3xima pelea por el t\u00edtulo de peso gallo de UFC que se supone que tendr\u00e1 lugar entre el actual campe\u00f3n Aljamain Sterling y Henry Cejudo. <\/p>\n<p>Tanto Sterling como Cejudo han reconocido que se espera que se enfrenten a principios de 2023 con O&#8217;Malley probablemente obteniendo el ganador despu\u00e9s de obtener una re\u00f1ida decisi\u00f3n dividida sobre el ex campe\u00f3n Petr Yan. <\/p>\n<p>Desafortunadamente, el UFC a\u00fan no ha anunciado que Sterling vs. Cejudo sea oficial y O&#8217;Malley no puede evitar preguntarse por qu\u00e9. <\/p>\n<p>\u00abMe vuelve loco\u00bb, dijo O&#8217;Malley en su <a rel=\"nofollow noopener\" target=\"_blank\" href=\"https:\/\/www.youtube.com\/watch?v=MuMqAf4yQyo\">TimboSugarShow<\/a> podcast. \u00bfPor qu\u00e9 no est\u00e1 sucediendo esto?\u00bb No creo que sea una cuesti\u00f3n de dinero. No lo creo. No lo creo.<\/p>\n<p>\u00abNo es una cuesti\u00f3n de dinero, en mi opini\u00f3n. UFC declar\u00f3 que esto es lo que ganar\u00e1s. Henry literalmente se retir\u00f3 porque no le pagaban lo suficiente y ahora est\u00e1 arruinado y quiere volver. Aljo regresa para ganar la misma cantidad . Aljo no recibir\u00e1 m\u00e1s. No es un empate. Esos son solo hechos. No soy yo tirando piedras. Aljo tambi\u00e9n dir\u00eda eso. Aljo dir\u00eda lo mismo.<\/p>\n<p>A pesar de sus preocupaciones, no ha habido indicadores de que UFC se haya topado con un obst\u00e1culo al tratar de programar a Sterling vs. Cejudo para el primer trimestre de 2023. <\/p>\n<p>Seg\u00fan sus cuentas de redes sociales, Sterling se encuentra actualmente de vacaciones en Jamaica para las fiestas, pero anteriormente declar\u00f3 que esperaba enfrentar a Cejudo en marzo. <\/p>\n<div>\n<blockquote class=\"instagram-media\" data-instgrm-captioned=\"\" data-instgrm-permalink=\"https:\/\/www.instagram.com\/p\/CmWldsFO-kf\/?utm_source=ig_embed&amp;utm_campaign=loading\" data-instgrm-version=\"14\" style=\"background:#FFF;border:0;border-radius:3px;margin: 1px;max-width:658px;min-width:326px;padding:0;width:99.375%;width:-webkit-calc(100% - 2px);width:calc(100% - 2px)\">\n<div style=\"padding:16px\"> <a rel=\"nofollow noopener\" target=\"_blank\" href=\"https:\/\/www.instagram.com\/p\/CmWldsFO-kf\/?utm_source=ig_embed&amp;utm_campaign=loading\" style=\"background:#FFFFFF;line-height:0;padding:0 0;text-align:center;text-decoration:none;width:100%\"> <\/p>\n<div style=\"flex-direction: row;align-items: center\">\n<div style=\"background-color: #F4F4F4;border-radius: 50%;flex-grow: 0;height: 40px;margin-right: 14px;width: 40px\"><\/div>\n<div style=\"flex-direction: column;flex-grow: 1;justify-content: center\">\n<div style=\"background-color: #F4F4F4;border-radius: 4px;flex-grow: 0;height: 14px;margin-bottom: 6px;width: 100px\"><\/div>\n<div style=\"background-color: #F4F4F4;border-radius: 4px;flex-grow: 0;height: 14px;width: 60px\"><\/div>\n<\/div>\n<\/div>\n<div style=\"padding: 19% 0\"><\/div>\n<div style=\"height:50px;margin:0 auto 12px;width:50px\"><\/div>\n<div style=\"padding-top: 8px\">\n<div style=\"color:#3897f0;font-family:Arial,sans-serif;font-size:14px;font-style:normal;font-weight:550;line-height:18px\">Ver esta publicaci\u00f3n en Instagram<\/div>\n<\/div>\n<div style=\"padding: 12.5% 0\"><\/div>\n<div style=\"flex-direction: row;margin-bottom: 14px;align-items: center\">\n<div>\n<div style=\"background-color: #F4F4F4;border-radius: 50%;height: 12.5px;width: 12.5px\"><\/div>\n<div style=\"background-color: #F4F4F4;height: 12.5px;width: 12.5px;flex-grow: 0;margin-right: 14px;margin-left: 2px\"><\/div>\n<div style=\"background-color: #F4F4F4;border-radius: 50%;height: 12.5px;width: 12.5px\"><\/div>\n<\/div>\n<div style=\"margin-left: 8px\">\n<div style=\"background-color: #F4F4F4;border-radius: 50%;flex-grow: 0;height: 20px;width: 20px\"><\/div>\n<div style=\"width: 0;height: 0;border-top: 2px solid transparent;border-left: 6px solid #f4f4f4;border-bottom: 2px solid transparent\"><\/div>\n<\/div>\n<div style=\"margin-left: auto\">\n<div style=\"width: 0px;border-top: 8px solid #F4F4F4;border-right: 8px solid transparent\"><\/div>\n<div style=\"background-color: #F4F4F4;flex-grow: 0;height: 12px;width: 16px\"><\/div>\n<div style=\"width: 0;height: 0;border-top: 8px solid #F4F4F4;border-left: 8px solid transparent\"><\/div>\n<\/div>\n<\/div>\n<div style=\"flex-direction: column;flex-grow: 1;justify-content: center;margin-bottom: 24px\">\n<div style=\"background-color: #F4F4F4;border-radius: 4px;flex-grow: 0;height: 14px;margin-bottom: 6px;width: 224px\"><\/div>\n<div style=\"background-color: #F4F4F4;border-radius: 4px;flex-grow: 0;height: 14px;width: 144px\"><\/div>\n<\/div>\n<p><\/a><\/p>\n<p style=\"color:#c9c8cd;font-family:Arial,sans-serif;font-size:14px;line-height:17px;margin-bottom:0;margin-top:8px;overflow:hidden;padding:8px 0 7px;text-align:center\"><a rel=\"nofollow noopener\" target=\"_blank\" href=\"https:\/\/www.instagram.com\/p\/CmWldsFO-kf\/?utm_source=ig_embed&amp;utm_campaign=loading\" style=\"color:#c9c8cd;font-family:Arial,sans-serif;font-size:14px;font-style:normal;font-weight:normal;line-height:17px;text-decoration:none\">Una publicaci\u00f3n compartida por Aljamain Sterling (@funkmastermma)<\/a><\/p>\n<\/div>\n<\/blockquote>\n<\/div>\n<p>A\u00fan as\u00ed, O&#8217;Malley se siente frustrado mientras espera las palabras sobre la oficializaci\u00f3n de la pelea porque espera enfrentar al ganador cuando regrese a la acci\u00f3n el pr\u00f3ximo a\u00f1o. <\/p>\n<p>\u00ab\u00bfEs una cuesti\u00f3n de peso?\u00bb dijo O&#8217;Malley. \u00ab\u00bfEs una lesi\u00f3n persistente? \u00bfQu\u00e9 es? Tengo que llegar al fondo de esto. Seguir a estos dos\u00bb.<\/p>\n<p>contrat\u00e9 a un investigador privado.<\/p>\n<p>Fuente: https:\/\/www.mmafighting.com\/2022\/12\/21\/23520731\/sean-omalley-frustrated-aljamain-sterling-vs-henry-cejudo-isnt-finalized-todav\u00eda-me-vuelve-loco? rand=96749<\/p>\n","protected":false},"excerpt":{"rendered":"<p>Sean O&#8217;Malley est\u00e1 cada vez m\u00e1s impaciente mientras espera noticias sobre la pr\u00f3xima pelea por el t\u00edtulo de peso gallo de UFC que se supone que tendr\u00e1 lugar entre el actual campe\u00f3n Aljamain Sterling y Henry Cejudo. Tanto Sterling como Cejudo han reconocido que se espera que se enfrenten a principios de 2023 con O&#8217;Malley [&hellip;]<\/p>\n","protected":false},"author":1,"featured_media":322574,"comment_status":"","ping_status":"open","sticky":false,"template":"","format":"standard","meta":{"footnotes":""},"categories":[1171],"tags":[],"_links":{"self":[{"href":"https:\/\/wmmaa.org\/es\/wp-json\/wp\/v2\/posts\/322588"}],"collection":[{"href":"https:\/\/wmmaa.org\/es\/wp-json\/wp\/v2\/posts"}],"about":[{"href":"https:\/\/wmmaa.org\/es\/wp-json\/wp\/v2\/types\/post"}],"author":[{"embeddable":true,"href":"https:\/\/wmmaa.org\/es\/wp-json\/wp\/v2\/users\/1"}],"replies":[{"embeddable":true,"href":"https:\/\/wmmaa.org\/es\/wp-json\/wp\/v2\/comments?post=322588"}],"version-history":[{"count":0,"href":"https:\/\/wmmaa.org\/es\/wp-json\/wp\/v2\/posts\/322588\/revisions"}],"wp:featuredmedia":[{"embeddable":true,"href":"https:\/\/wmmaa.org\/es\/wp-json\/wp\/v2\/media\/322574"}],"wp:attachment":[{"href":"https:\/\/wmmaa.org\/es\/wp-json\/wp\/v2\/media?parent=322588"}],"wp:term":[{"taxonomy":"category","embeddable":true,"href":"https:\/\/wmmaa.org\/es\/wp-json\/wp\/v2\/categories?post=322588"},{"taxonomy":"post_tag","embeddable":true,"href":"https:\/\/wmmaa.org\/es\/wp-json\/wp\/v2\/tags?post=322588"}],"curies":[{"name":"wp","href":"https:\/\/api.w.org\/{rel}","templated":true}]}}