{"id":313589,"date":"2022-12-09T22:53:57","date_gmt":"2022-12-09T20:53:57","guid":{"rendered":"https:\/\/wmmaa.org\/adesanya-dio-una-prediccion-para-la-pelea-entre-ankalaev-y-blachowicz\/"},"modified":"2022-12-09T22:53:57","modified_gmt":"2022-12-09T20:53:57","slug":"adesanya-dio-una-prediccion-para-la-pelea-entre-ankalaev-y-blachowicz","status":"publish","type":"post","link":"https:\/\/wmmaa.org\/es\/adesanya-dio-una-prediccion-para-la-pelea-entre-ankalaev-y-blachowicz\/","title":{"rendered":"Adesanya dio una predicci\u00f3n para la pelea entre Ankalaev y Blachowicz"},"content":{"rendered":"<div id=\"feat-img-reg\" class=\"relative\">\n <img decoding=\"async\" src=\"https:\/\/wmmaa.org\/wp-content\/uploads\/2022\/12\/c5d288e5c5dd90374321c679186e497a_XL.jpg\" alt=\"Adesanya dio una predicci\u00f3n para la pelea entre Ankalaev y Blachowicz\"><\/div>\n<p><!-- Item introtext --><\/p>\n<div class=\"itemIntroText\">\n<p>El ex campe\u00f3n de peso mediano de UFC Israel Adesanya, quien una vez perdi\u00f3 ante Jan Blachowicz por decisi\u00f3n un\u00e1nime, cree que el peleador polaco derrotar\u00e1 a Magomed Ankalaev y recuperar\u00e1 el t\u00edtulo de peso semipesado de UFC, que actualmente est\u00e1 vacante.<\/p>\n<\/p>\n<\/div>\n<p><!--AdFox START--><\/p>\n<p><!--&#1055;&#1083;&#1086;&#1097;&#1072;&#1076;&#1082;&#1072;: FightTime.ru \/ * \/ *--><\/p>\n<p><!--&#1058;&#1080;&#1087; &#1073;&#1072;&#1085;&#1085;&#1077;&#1088;&#1072;: &#1044;&#1077;&#1089;&#1082;&#1090;&#1086;&#1087;\/&#1052;&#1086;&#1073;&#1080;&#1083;&#1100;&#1085;&#1099;&#1081; 728x90\/300x300--><\/p>\n<p><!--&#1056;&#1072;&#1089;&#1087;&#1086;&#1083;&#1086;&#1078;&#1077;&#1085;&#1080;&#1077;: &#1050;&#1086;&#1085;&#1090;&#1077;&#1085;&#1090; &#1087;&#1086;&#1089;&#1083;&#1077; &#1074;&#1089;&#1090;&#1091;&#1087;&#1083;&#1077;&#1085;&#1080;&#1103;--><\/p>\n<div id=\"adfox_167032076949914564\" class=\"yandex_rtb_wrapper\"><\/div>\n<p><!-- Item fulltext --><\/p>\n<div class=\"itemFullText\">\n<blockquote>\n<p>\u00abJan Blachowicz vs Ankalaev: apuesto por Jan en esta pelea\u00bb, dijo Adesanya en un video publicado en su canal de Youtube. \u201cCreo que la experiencia de Jan lo ayudar\u00e1 a superarlo. Ankalaev parece una bestia, pero todo el mundo tiene un l\u00edmite. Si lo empujas hacia \u00e9l, se romper\u00e1\u201d.<\/p>\n<\/blockquote>\n<p>La pelea por el campeonato de peso semipesado entre Magomed Ankalaev y Jan Blachowicz ser\u00e1 el evento principal de UFC 282, que se llevar\u00e1 a cabo el 10 de diciembre en Las Vegas.<\/p>\n<p>La confrontaci\u00f3n ruso-polaca fue declarada titular despu\u00e9s de que el actual campe\u00f3n de la divisi\u00f3n, Jiri Prochazka, se lesionara y abandonara el evento, dejando su cintur\u00f3n vacante.<\/p>\n<\/p>\n<\/div>\n<p><!--post-tags--><\/p>\n<p>Fuente: https:\/\/fighttime.ru\/news\/item\/30225-adesanya-dal-prognoz-na-boj-ankalaeva-i-blakhovicha.html?rand=19907<\/p>\n","protected":false},"excerpt":{"rendered":"<p>El ex campe\u00f3n de peso mediano de UFC Israel Adesanya, quien una vez perdi\u00f3 ante Jan Blachowicz por decisi\u00f3n un\u00e1nime, cree que el peleador polaco derrotar\u00e1 a Magomed Ankalaev y recuperar\u00e1 el t\u00edtulo de peso semipesado de UFC, que actualmente est\u00e1 vacante. \u00abJan Blachowicz vs Ankalaev: apuesto por Jan en esta pelea\u00bb, dijo Adesanya en [&hellip;]<\/p>\n","protected":false},"author":1,"featured_media":313579,"comment_status":"","ping_status":"open","sticky":false,"template":"","format":"standard","meta":{"footnotes":""},"categories":[1171],"tags":[1708,240,526],"_links":{"self":[{"href":"https:\/\/wmmaa.org\/es\/wp-json\/wp\/v2\/posts\/313589"}],"collection":[{"href":"https:\/\/wmmaa.org\/es\/wp-json\/wp\/v2\/posts"}],"about":[{"href":"https:\/\/wmmaa.org\/es\/wp-json\/wp\/v2\/types\/post"}],"author":[{"embeddable":true,"href":"https:\/\/wmmaa.org\/es\/wp-json\/wp\/v2\/users\/1"}],"replies":[{"embeddable":true,"href":"https:\/\/wmmaa.org\/es\/wp-json\/wp\/v2\/comments?post=313589"}],"version-history":[{"count":0,"href":"https:\/\/wmmaa.org\/es\/wp-json\/wp\/v2\/posts\/313589\/revisions"}],"wp:featuredmedia":[{"embeddable":true,"href":"https:\/\/wmmaa.org\/es\/wp-json\/wp\/v2\/media\/313579"}],"wp:attachment":[{"href":"https:\/\/wmmaa.org\/es\/wp-json\/wp\/v2\/media?parent=313589"}],"wp:term":[{"taxonomy":"category","embeddable":true,"href":"https:\/\/wmmaa.org\/es\/wp-json\/wp\/v2\/categories?post=313589"},{"taxonomy":"post_tag","embeddable":true,"href":"https:\/\/wmmaa.org\/es\/wp-json\/wp\/v2\/tags?post=313589"}],"curies":[{"name":"wp","href":"https:\/\/api.w.org\/{rel}","templated":true}]}}