{"id":306004,"date":"2022-11-28T22:21:00","date_gmt":"2022-11-28T20:21:00","guid":{"rendered":"https:\/\/wmmaa.org\/curtis-blades-respondio-al-desafio-de-cyril-gan\/"},"modified":"2022-11-28T22:21:00","modified_gmt":"2022-11-28T20:21:00","slug":"curtis-blades-respondio-al-desafio-de-cyril-gan","status":"publish","type":"post","link":"https:\/\/wmmaa.org\/es\/curtis-blades-respondio-al-desafio-de-cyril-gan\/","title":{"rendered":"Curtis Blades respondi\u00f3 al desaf\u00edo de Cyril Gan"},"content":{"rendered":"<div id=\"feat-img-reg\" class=\"relative\">\n <img decoding=\"async\" src=\"https:\/\/wmmaa.org\/wp-content\/uploads\/2022\/11\/93f7b4540ea236a6b2e0ad38825c00b5_XL.jpg\" alt=\"Curtis Blades respondi\u00f3 al desaf\u00edo de Cyril Gan\"><\/div>\n<p><!-- Item introtext --><\/p>\n<div class=\"itemIntroText\">\n<p>El n\u00famero tres de peso pesado de UFC, Curtis Blades, est\u00e1 listo para compartir el oct\u00e1gono con el ex campe\u00f3n de divisi\u00f3n interino Cyril Gan, quien recientemente lo mencion\u00f3 como un posible contendiente.<\/p>\n<\/p>\n<\/div>\n<div class=\"yandex_rtb_wrapper\">\n <!-- Yandex.RTB R-A-108029-34 --><\/p>\n<div id=\"yandex_rtb_R-A-108029-34\"><\/div>\n<\/p>\n<\/div>\n<p><!-- Item fulltext --><\/p>\n<div class=\"itemFullText\">\n<blockquote>\n<p>\u00abDeber\u00eda ser \u00e9l, seguro\u00bb, dijo Razor a Fanatics View. \u201cS\u00e9 que estar\u00e1 sano en enero. Le dar\u00e9 ocho semanas para que podamos hacerlo en abril\u00bb.<\/p>\n<\/blockquote>\n<p>Si la pelea con Gan no est\u00e1 programada, Blades est\u00e1 listo para asegurar una pelea por el t\u00edtulo entre Francis Ngannou y Jon Jones, programada para marzo del pr\u00f3ximo a\u00f1o.<\/p>\n<blockquote>\n<p>\u201cNo me importa ser suplente porque con John nunca se sabe con certeza. Estar\u00e9 all\u00ed y estar\u00e9 listo. Pelear contra John por el t\u00edtulo interino es un buen consuelo, pero necesito un cintur\u00f3n de verdad. De todos modos, despu\u00e9s de las vacaciones, regresar\u00e9 a casa y comenzar\u00e9 a prepararme, ya sea una pelea con Gan o una pelea por el t\u00edtulo. Vamos a ver c\u00f3mo resultan las cosas\u00bb<\/p>\n<\/blockquote>\n<p>El hecho de que Curtis Blades podr\u00eda convertirse en suplente en la pelea por el t\u00edtulo entre Francis Ngannou y Jon Jones fue informado previamente por fuentes informadas cercanas a la situaci\u00f3n.<\/p>\n<\/p>\n<\/div>\n<p><!--post-tags--><\/p>\n<p>Fuente: https:\/\/fighttime.ru\/news\/item\/30130-kertis-blejds-otvetil-na-vyzov-sirila-gana.html?rand=19907<\/p>\n","protected":false},"excerpt":{"rendered":"<p>El n\u00famero tres de peso pesado de UFC, Curtis Blades, est\u00e1 listo para compartir el oct\u00e1gono con el ex campe\u00f3n de divisi\u00f3n interino Cyril Gan, quien recientemente lo mencion\u00f3 como un posible contendiente. \u00abDeber\u00eda ser \u00e9l, seguro\u00bb, dijo Razor a Fanatics View. \u201cS\u00e9 que estar\u00e1 sano en enero. Le dar\u00e9 ocho semanas para que podamos [&hellip;]<\/p>\n","protected":false},"author":1,"featured_media":305992,"comment_status":"","ping_status":"open","sticky":false,"template":"","format":"standard","meta":{"footnotes":""},"categories":[1171],"tags":[1723,1305],"_links":{"self":[{"href":"https:\/\/wmmaa.org\/es\/wp-json\/wp\/v2\/posts\/306004"}],"collection":[{"href":"https:\/\/wmmaa.org\/es\/wp-json\/wp\/v2\/posts"}],"about":[{"href":"https:\/\/wmmaa.org\/es\/wp-json\/wp\/v2\/types\/post"}],"author":[{"embeddable":true,"href":"https:\/\/wmmaa.org\/es\/wp-json\/wp\/v2\/users\/1"}],"replies":[{"embeddable":true,"href":"https:\/\/wmmaa.org\/es\/wp-json\/wp\/v2\/comments?post=306004"}],"version-history":[{"count":0,"href":"https:\/\/wmmaa.org\/es\/wp-json\/wp\/v2\/posts\/306004\/revisions"}],"wp:featuredmedia":[{"embeddable":true,"href":"https:\/\/wmmaa.org\/es\/wp-json\/wp\/v2\/media\/305992"}],"wp:attachment":[{"href":"https:\/\/wmmaa.org\/es\/wp-json\/wp\/v2\/media?parent=306004"}],"wp:term":[{"taxonomy":"category","embeddable":true,"href":"https:\/\/wmmaa.org\/es\/wp-json\/wp\/v2\/categories?post=306004"},{"taxonomy":"post_tag","embeddable":true,"href":"https:\/\/wmmaa.org\/es\/wp-json\/wp\/v2\/tags?post=306004"}],"curies":[{"name":"wp","href":"https:\/\/api.w.org\/{rel}","templated":true}]}}