{"id":305324,"date":"2022-11-27T20:09:50","date_gmt":"2022-11-27T18:09:50","guid":{"rendered":"https:\/\/wmmaa.org\/jon-anik-recuerda-la-perdida-mas-grande-que-la-vida-de-anthony-johnson-es-solo-un-costo-no-cuantificable-para-la-comunidad-de-mma\/"},"modified":"2022-11-27T20:09:50","modified_gmt":"2022-11-27T18:09:50","slug":"jon-anik-recuerda-la-perdida-mas-grande-que-la-vida-de-anthony-johnson-es-solo-un-costo-no-cuantificable-para-la-comunidad-de-mma","status":"publish","type":"post","link":"https:\/\/wmmaa.org\/es\/jon-anik-recuerda-la-perdida-mas-grande-que-la-vida-de-anthony-johnson-es-solo-un-costo-no-cuantificable-para-la-comunidad-de-mma\/","title":{"rendered":"Jon Anik recuerda la p\u00e9rdida &#8216;m\u00e1s grande que la vida&#8217; de Anthony Johnson: &#8216;Es solo un costo no cuantificable para la comunidad de MMA&#8217;"},"content":{"rendered":"<p>Al igual que el resto de las MMA, Jon Anik recuerda con cari\u00f1o a Anthony Johnson. <\/p>\n<p>El domingo, Johnson falleci\u00f3 a la edad de 38 a\u00f1os. Anik se sorprendi\u00f3 al escuchar la noticia, a pesar de que acababa de llamar a UFC 281 Madison Square Garden la noche anterior. <\/p>\n<p>\u00abTan triste\u00bb, dijo Anik a MMA Fighting. Yo estaba como \u00abNo, esto no puede ser cierto\u00bb, dijo Anik a MMA Fighting. Admiti\u00f3 que fue aterrador, aunque no fue fatal. Sin embargo, no fue as\u00ed. t disminuir el miedo de esto m\u00e1s grande que la vida Anthony Johnson Me ten\u00eda tanto miedo que nunca dej\u00e9 de tener miedo. <\/p>\n<p>\u00abEsto se sinti\u00f3 como un derrumbe completo de todo lo que sucedi\u00f3 la noche anterior con Alex Pereira, y simplemente hizo que todo volviera a la tierra. Sol\u00eda \u200b\u200b\u200b\u200bdecir antes de Francis Ngannou que esta era la mayor amenaza de poder en la historia de UFC y lo har\u00e1\u00bb. siempre estar\u00e1 detr\u00e1s de Francis justo ah\u00ed para m\u00ed, y eso es una gran parte de su legado de UFC: cu\u00e1n aterrador era como individuo para pelear, pero eso va en contra de todo lo que era como ser humano. Su amabilidad y generosidad fueron demasiado amables\u00bb.<\/p>\n<p>.<\/p>\n<p>\u00abRumble\u00bb compil\u00f3 un r\u00e9cord profesional de 23-6, que incluy\u00f3 dos temporadas en el UFC, junto con una carrera en la antigua Serie Mundial de Lucha y una victoria en su \u00faltimo combate bajo la bandera de Bellator. Johnson compiti\u00f3 principalmente como peso welter en su primera carrera con UFC, y regres\u00f3 a la promoci\u00f3n en 2014 como peso semipesado, donde obtuvo dos oportunidades por el t\u00edtulo contra Daniel Cormier. <\/p>\n<p> Mientras que Johnson era feroz dentro de la jaula, Anik lo vio como una presencia positiva y amable afuera. Anik siente que la p\u00e9rdida ha dejado un gran vac\u00edo en la comunidad. <\/p>\n<p>\u00abNunca olvidar\u00e9 ir al Super Bowl de los Patriots con mi hermano gemelo. Public\u00f3 una foto de nosotros y dijo: \u00abAmigo, es incre\u00edble que no tengamos ning\u00fan &#8216;Rumble&#8217;. En un sentido f\u00edsico, es incre\u00edble\u00bb. Es una p\u00e9rdida incalculable para la comunidad de MMA, y es muy, muy, muy triste. <\/p>\n<p>\u00abYo estaba all\u00ed con [Daniel Cormier] solo cinco minutos antes de que saliera la noticia. \u00bfPuedes siquiera imaginar c\u00f3mo se sinti\u00f3 por \u00e9l? Est\u00e1n vinculados para siempre y mi coraz\u00f3n est\u00e1 con la familia Blackzilian y todos los que conocieron a Rumble incluso mejor que yo\u00bb.<\/p>\n<p>Anik recuerda que Johnson era un atleta que trataba a todas las personas con respeto. Esto incluye la primera interacci\u00f3n entre los dos durante la membres\u00eda oficial de UFC de Anik hace m\u00e1s de una d\u00e9cada. <\/p>\n<p>\u00abEn el UFC 142, febrero de 2012, 14 de enero, es un recuerdo que nunca olvidar\u00e9. Pero el UFC 142 fue el primer evento en el que trabaj\u00e9\u00bb. de los problemas de peso, la pelea termin\u00f3 en 197 libras, o lo que sea, pero siempre disfrut\u00e9 estar en la presencia de ese hombre. <\/p>\n<p>\u00abSiempre trat\u00f3 a nuestro personal como oro: Heidi Dean y todos los dem\u00e1s, la difunta Suzy Friton, nuestra maquilladora, pueden estar seguros de que Rumble estaba publicando cuando ella falleci\u00f3, y [he had] s\u00f3lo un coraz\u00f3n de oro, hombre. Todos vamos a hacer todo lo posible para recordarlo\u00bb.<\/p>\n<p>.<\/p>\n<p>Fuente: https:\/\/www.mmafighting.com\/2022\/11\/27\/23464474\/jon-anik-remembers-larger-than-life-anthony-johnson-its-just-an-unquantifiable-loss-mma-community? rand=96749<\/p>\n","protected":false},"excerpt":{"rendered":"<p>Al igual que el resto de las MMA, Jon Anik recuerda con cari\u00f1o a Anthony Johnson. El domingo, Johnson falleci\u00f3 a la edad de 38 a\u00f1os. Anik se sorprendi\u00f3 al escuchar la noticia, a pesar de que acababa de llamar a UFC 281 Madison Square Garden la noche anterior. \u00abTan triste\u00bb, dijo Anik a MMA [&hellip;]<\/p>\n","protected":false},"author":1,"featured_media":305309,"comment_status":"","ping_status":"open","sticky":false,"template":"","format":"standard","meta":{"footnotes":""},"categories":[1171],"tags":[],"_links":{"self":[{"href":"https:\/\/wmmaa.org\/es\/wp-json\/wp\/v2\/posts\/305324"}],"collection":[{"href":"https:\/\/wmmaa.org\/es\/wp-json\/wp\/v2\/posts"}],"about":[{"href":"https:\/\/wmmaa.org\/es\/wp-json\/wp\/v2\/types\/post"}],"author":[{"embeddable":true,"href":"https:\/\/wmmaa.org\/es\/wp-json\/wp\/v2\/users\/1"}],"replies":[{"embeddable":true,"href":"https:\/\/wmmaa.org\/es\/wp-json\/wp\/v2\/comments?post=305324"}],"version-history":[{"count":0,"href":"https:\/\/wmmaa.org\/es\/wp-json\/wp\/v2\/posts\/305324\/revisions"}],"wp:featuredmedia":[{"embeddable":true,"href":"https:\/\/wmmaa.org\/es\/wp-json\/wp\/v2\/media\/305309"}],"wp:attachment":[{"href":"https:\/\/wmmaa.org\/es\/wp-json\/wp\/v2\/media?parent=305324"}],"wp:term":[{"taxonomy":"category","embeddable":true,"href":"https:\/\/wmmaa.org\/es\/wp-json\/wp\/v2\/categories?post=305324"},{"taxonomy":"post_tag","embeddable":true,"href":"https:\/\/wmmaa.org\/es\/wp-json\/wp\/v2\/tags?post=305324"}],"curies":[{"name":"wp","href":"https:\/\/api.w.org\/{rel}","templated":true}]}}