{"id":303360,"date":"2022-11-24T18:36:56","date_gmt":"2022-11-24T16:36:56","guid":{"rendered":"https:\/\/wmmaa.org\/glover-teixeira-molesto-con-la-llamada-de-ufc-no-esta-seguro-de-ser-el-proximo-para-el-ganador-de-jan-blachowicz-vs-magomed-ankalaev\/"},"modified":"2022-11-24T18:36:56","modified_gmt":"2022-11-24T16:36:56","slug":"glover-teixeira-molesto-con-la-llamada-de-ufc-no-esta-seguro-de-ser-el-proximo-para-el-ganador-de-jan-blachowicz-vs-magomed-ankalaev","status":"publish","type":"post","link":"https:\/\/wmmaa.org\/es\/glover-teixeira-molesto-con-la-llamada-de-ufc-no-esta-seguro-de-ser-el-proximo-para-el-ganador-de-jan-blachowicz-vs-magomed-ankalaev\/","title":{"rendered":"Glover Teixeira &#8216;molesto&#8217; con la llamada de UFC, no est\u00e1 seguro de ser el pr\u00f3ximo para el ganador de Jan Blachowicz vs. Magomed Ankalaev"},"content":{"rendered":"<p>Glover Teixeira ya no competir\u00e1 por el campeonato de peso semipesado de UFC en el evento principal de UFC 282 el 10 de diciembre, y no est\u00e1 contento con c\u00f3mo se desarrollaron las cosas el mi\u00e9rcoles.<\/p>\n<p>Teixeira y Jiri Prochazka estaban listos para la revancha por el t\u00edtulo de las 205 libras en Las Vegas despu\u00e9s de un emocionante enfrentamiento en Singapur en UFC 275 en junio, que Prochazka gan\u00f3 por sumisi\u00f3n en el quinto asalto, pero la compa\u00f1\u00eda se vio obligada a cambiar de planes despu\u00e9s de que el campe\u00f3n se retirara. de su primera defensa del t\u00edtulo debido a una grave lesi\u00f3n en el hombro.<\/p>\n<p>Teixeira dijo en una entrevista con MMA Fighting que escuch\u00f3 la noticia \u00abmenos de 30 minutos\u00bb antes de que se hiciera p\u00fablico que Jan Blachowicz vs. Magomed Ankalaev, el evento co-estelar original de UFC 282, ahora ser\u00eda por el t\u00edtulo vacante despu\u00e9s de Prochazka. opt\u00f3 por desalojar. El veterano brasile\u00f1o explic\u00f3 por qu\u00e9 estaba \u201cmolesto\u201d con la decisi\u00f3n.<\/p>\n<p>\u00abDije [the UFC] Pelear\u00eda con Blachowicz el d\u00eda 10 porque lo he peleado antes y ser\u00eda m\u00e1s f\u00e1cil adaptarme, [Ankalaev] es un zurdo\u201d, dijo Teixeira. \u201cLes dije que si ten\u00eda que pelear [Ankalaev]para hacerlo en Brasil [on Jan. 21]. Y Blachowicz est\u00e1 clasificado por delante de \u00e9l de todos modos, as\u00ed que no lo entiendo. Jan y yo estamos clasificados por delante de \u00e9l, \u00bfpor qu\u00e9 quer\u00edan? Hombre, lo que sea. Tenemos que mantenernos firmes. No es as\u00ed, &#8216;ven aqu\u00ed y pelea cuando yo quiera&#8217;\u201d.<\/p>\n<p>El ex campe\u00f3n de UFC no sabe por qu\u00e9 la compa\u00f1\u00eda insistir\u00eda en programarlo contra Ankalaev en lugar de Blachowicz, pero siente que \u00abeso es lo que quer\u00edan hacer y eso es lo que obtuvieron\u00bb. Eso, sin embargo, no cambiar\u00e1 la forma en que se siente acerca de la empresa.<\/p>\n<p>\u201cNo dejar\u00e9 que eso me afecte por dentro\u201d, dijo Teixeira. \u201cSoy un hombre feliz y agradecido. \u00bfConoces ese dicho, haces 1,000 cosas por alguien pero te conviertes en el peor hombre si no haces una? No dir\u00e9 eso sobre el UFC, pero realmente lo estropearon ese d\u00eda. Pas\u00e9 con un campamento y ahora me sacaron de la pelea por el t\u00edtulo. Acept\u00e9 pelear con ambos muchachos, lo \u00fanico que ped\u00ed fue m\u00e1s tiempo para pelear con Ankalaev. Soy un peleador de alto nivel y no quiero ser el tipo que entra all\u00ed, recibe una patada en el brazo y cae solo por el dinero.<\/p>\n<p>\u201cDoy mi sangre y mi vida dentro del oct\u00e1gono. Todos ustedes han visto mis peleas antes, dejo todo ah\u00ed. Quiero traer el cintur\u00f3n de vuelta a Brasil y para m\u00ed, y creo que puedo hacerlo. Le estaba ganando a Prochazka, esto <em>h\u00e9roe<\/em>, el tipo que todo el mundo dec\u00eda que estaba noqueando a todo el mundo. Lo estaba rompiendo hasta que comet\u00ed un error. Recuperar\u00e9 el cintur\u00f3n, pero tengo que hacer las cosas bien. Tengo que ir all\u00ed para ganar.<\/p>\n<p>\u201cNo puedo ir all\u00ed por dinero porque no peleo por dinero. Lucho por el honor, lucho por enaltecer mi nombre. Ya ni siquiera estoy apegado a las victorias y las derrotas. Lucho por un objetivo. Si estuviera peleando por dinero, ni siquiera pelear\u00eda m\u00e1s, me habr\u00eda convertido en un YouTuber o algo as\u00ed\u201d.<\/p>\n<p>Cuando se le pregunt\u00f3 si conf\u00eda en que ser\u00e1 el pr\u00f3ximo ganador de Blachowicz vs. Ankalaev en 2023, Teixeira dijo: \u00abEstoy seguro de que no voy a joder nada ahora\u00bb. De hecho, el brasile\u00f1o dijo \u201ca la mierda, ni siquiera me importa qui\u00e9n gane\u201d en UFC 282.<\/p>\n<p>\u201cEsa ser\u00eda la l\u00f3gica\u201d, dijo sobre ser el siguiente en la fila, \u201cpero hacen lo que quieren\u201d.<\/p>\n<p>\u201cSi me pagan por ir a [UFC 282], Ir\u00e9. Pero si no me pagan, claro que no voy. \u00bfQu\u00e9 voy a hacer all\u00ed?<\/p>\n<p>Fuente: https:\/\/www.mmafighting.com\/2022\/11\/24\/23476801\/glover-teixeira-upset-ufc-call-not-confident-next-jan-blachowicz-magomed-ankalaev?rand=96749<\/p>\n","protected":false},"excerpt":{"rendered":"<p>Glover Teixeira ya no competir\u00e1 por el campeonato de peso semipesado de UFC en el evento principal de UFC 282 el 10 de diciembre, y no est\u00e1 contento con c\u00f3mo se desarrollaron las cosas el mi\u00e9rcoles. Teixeira y Jiri Prochazka estaban listos para la revancha por el t\u00edtulo de las 205 libras en Las Vegas [&hellip;]<\/p>\n","protected":false},"author":1,"featured_media":303351,"comment_status":"","ping_status":"open","sticky":false,"template":"","format":"standard","meta":{"footnotes":""},"categories":[1171],"tags":[],"_links":{"self":[{"href":"https:\/\/wmmaa.org\/es\/wp-json\/wp\/v2\/posts\/303360"}],"collection":[{"href":"https:\/\/wmmaa.org\/es\/wp-json\/wp\/v2\/posts"}],"about":[{"href":"https:\/\/wmmaa.org\/es\/wp-json\/wp\/v2\/types\/post"}],"author":[{"embeddable":true,"href":"https:\/\/wmmaa.org\/es\/wp-json\/wp\/v2\/users\/1"}],"replies":[{"embeddable":true,"href":"https:\/\/wmmaa.org\/es\/wp-json\/wp\/v2\/comments?post=303360"}],"version-history":[{"count":0,"href":"https:\/\/wmmaa.org\/es\/wp-json\/wp\/v2\/posts\/303360\/revisions"}],"wp:featuredmedia":[{"embeddable":true,"href":"https:\/\/wmmaa.org\/es\/wp-json\/wp\/v2\/media\/303351"}],"wp:attachment":[{"href":"https:\/\/wmmaa.org\/es\/wp-json\/wp\/v2\/media?parent=303360"}],"wp:term":[{"taxonomy":"category","embeddable":true,"href":"https:\/\/wmmaa.org\/es\/wp-json\/wp\/v2\/categories?post=303360"},{"taxonomy":"post_tag","embeddable":true,"href":"https:\/\/wmmaa.org\/es\/wp-json\/wp\/v2\/tags?post=303360"}],"curies":[{"name":"wp","href":"https:\/\/api.w.org\/{rel}","templated":true}]}}