{"id":302907,"date":"2022-11-23T23:30:54","date_gmt":"2022-11-23T21:30:54","guid":{"rendered":"https:\/\/wmmaa.org\/informe-jiri-prochazka-fuera-de-ufc-282-deja-vacante-el-titulo-magomed-ankalaev-vs-jan-blachowicz-nuevo-evento-principal\/"},"modified":"2022-11-23T23:30:54","modified_gmt":"2022-11-23T21:30:54","slug":"informe-jiri-prochazka-fuera-de-ufc-282-deja-vacante-el-titulo-magomed-ankalaev-vs-jan-blachowicz-nuevo-evento-principal","status":"publish","type":"post","link":"https:\/\/wmmaa.org\/es\/informe-jiri-prochazka-fuera-de-ufc-282-deja-vacante-el-titulo-magomed-ankalaev-vs-jan-blachowicz-nuevo-evento-principal\/","title":{"rendered":"Informe: Jiri Prochazka fuera de UFC 282, deja vacante el t\u00edtulo; Magomed Ankalaev vs. Jan Blachowicz nuevo evento principal"},"content":{"rendered":"<p>Jiri Prochazka no podr\u00e1 enfrentar a Glover Teixeira en UFC 282 porque Prochazka sufri\u00f3 una lesi\u00f3n grave. Seg\u00fan el informe del mi\u00e9rcoles de Yahoo!!, Prochazka se vio obligado a abandonar la revancha. Deportes. <\/p>\n<p>Como resultado del rasgu\u00f1o, Prochazka dej\u00f3 vacante el t\u00edtulo de peso semipesado de UFC, seg\u00fan el informe, y UFC promovi\u00f3 una pelea de peso semipesado entre el ex campe\u00f3n Jan Blachowicz y Magomed Ankaleav al evento principal del 10 de diciembre. por vista, que tiene lugar en T-Mobile Arena en Las Vegas. <\/p>\n<p>MMA Fighting no pudo comunicarse de inmediato con Prochazka, Teixeira o UFC para comentar sobre la reorganizaci\u00f3n. Prochazka result\u00f3 herido, pero los detalles no estaban disponibles de inmediato. <\/p>\n<p>Seg\u00fan los informes, el ex campe\u00f3n de peso semipesado estaba listo para hacer su primera defensa del t\u00edtulo en una revancha de un candidato a \u00abPelea del a\u00f1o\u00bb contra el ex campe\u00f3n Teixeira, quien perdi\u00f3 por sumisi\u00f3n en el quinto asalto en su primer encuentro, un ida y vuelta. slugfest en junio en UFC 275. <\/p>\n<p>El enfrentamiento entre Blachowicz y Ankalaev coloc\u00f3 al ganador en una posici\u00f3n privilegiada para luchar por el t\u00edtulo. Blachowicz, quien cedi\u00f3 el cintur\u00f3n a Teixeira en 2021, llam\u00f3 a Prochazka inmediatamente despu\u00e9s de la victoria por el t\u00edtulo del peleador checo. Pero el nuevo campe\u00f3n decidi\u00f3, en cambio, retroceder en su pelea con Teixeira, queriendo corregir lo que sinti\u00f3 que fue la peor actuaci\u00f3n de su carrera. <\/p>\n<p>\n<p>Fuente: https:\/\/www.mmafighting.com\/2022\/11\/23\/23475843\/report-jiri-prochazka-out-of-ufc-282-vacates-title-magomed-ankalaev-vs-jan-blachowicz-new- evento principal?rand=96749<\/p>\n","protected":false},"excerpt":{"rendered":"<p>Jiri Prochazka no podr\u00e1 enfrentar a Glover Teixeira en UFC 282 porque Prochazka sufri\u00f3 una lesi\u00f3n grave. Seg\u00fan el informe del mi\u00e9rcoles de Yahoo!!, Prochazka se vio obligado a abandonar la revancha. Deportes. Como resultado del rasgu\u00f1o, Prochazka dej\u00f3 vacante el t\u00edtulo de peso semipesado de UFC, seg\u00fan el informe, y UFC promovi\u00f3 una pelea [&hellip;]<\/p>\n","protected":false},"author":1,"featured_media":302892,"comment_status":"","ping_status":"open","sticky":false,"template":"","format":"standard","meta":{"footnotes":""},"categories":[1171],"tags":[],"_links":{"self":[{"href":"https:\/\/wmmaa.org\/es\/wp-json\/wp\/v2\/posts\/302907"}],"collection":[{"href":"https:\/\/wmmaa.org\/es\/wp-json\/wp\/v2\/posts"}],"about":[{"href":"https:\/\/wmmaa.org\/es\/wp-json\/wp\/v2\/types\/post"}],"author":[{"embeddable":true,"href":"https:\/\/wmmaa.org\/es\/wp-json\/wp\/v2\/users\/1"}],"replies":[{"embeddable":true,"href":"https:\/\/wmmaa.org\/es\/wp-json\/wp\/v2\/comments?post=302907"}],"version-history":[{"count":0,"href":"https:\/\/wmmaa.org\/es\/wp-json\/wp\/v2\/posts\/302907\/revisions"}],"wp:featuredmedia":[{"embeddable":true,"href":"https:\/\/wmmaa.org\/es\/wp-json\/wp\/v2\/media\/302892"}],"wp:attachment":[{"href":"https:\/\/wmmaa.org\/es\/wp-json\/wp\/v2\/media?parent=302907"}],"wp:term":[{"taxonomy":"category","embeddable":true,"href":"https:\/\/wmmaa.org\/es\/wp-json\/wp\/v2\/categories?post=302907"},{"taxonomy":"post_tag","embeddable":true,"href":"https:\/\/wmmaa.org\/es\/wp-json\/wp\/v2\/tags?post=302907"}],"curies":[{"name":"wp","href":"https:\/\/api.w.org\/{rel}","templated":true}]}}