{"id":302115,"date":"2022-11-22T23:21:12","date_gmt":"2022-11-22T21:21:12","guid":{"rendered":"https:\/\/wmmaa.org\/ryan-spann-dice-que-deberia-haberse-tomado-las-mma-mas-en-serio-antes-siento-que-desperdicie-muchos-de-mis-20\/"},"modified":"2022-11-22T23:21:12","modified_gmt":"2022-11-22T21:21:12","slug":"ryan-spann-dice-que-deberia-haberse-tomado-las-mma-mas-en-serio-antes-siento-que-desperdicie-muchos-de-mis-20","status":"publish","type":"post","link":"https:\/\/wmmaa.org\/es\/ryan-spann-dice-que-deberia-haberse-tomado-las-mma-mas-en-serio-antes-siento-que-desperdicie-muchos-de-mis-20\/","title":{"rendered":"Ryan Spann dice que deber\u00eda haberse tomado las MMA m\u00e1s en serio antes: \u00abSiento que desperdici\u00e9 muchos de mis 20\u00bb"},"content":{"rendered":"<p>En UFC 281, Ryan Spann asegur\u00f3 la mayor victoria de su carrera, noqueando al ex retador al t\u00edtulo de peso semipesado Dominick Reyes en solo 80 segundos. Pero el nocaut fue solo la mitad de la historia de la noche, porque despu\u00e9s de la victoria, Spann revel\u00f3 que su actuaci\u00f3n se debi\u00f3 en gran parte a que era la primera vez que realmente entrenaba para una pelea. <\/p>\n<p>Para un veterano de 28 peleas, que pele\u00f3 nueve veces dentro del oct\u00e1gono, eso parec\u00eda muy improbable para muchos. Pero Spann dice que es verdad. <\/p>\n<p>\u00ab[My coaches] quisiera que se lo devolviera\u00bb, dijo Spann a Ariel Helwani, en <em> La hora de las MMA. \u00ab<\/em> De hecho, fue mi primer campamento completo. He entrenado antes, contra [Antonio Rogerio] Nogueira, creo que entren\u00e9 para esa pelea. Me he entrenado para algunas peleas. Mi primera pelea por el t\u00edtulo amateur, creo que entren\u00e9 para esa, pero a\u00fan as\u00ed fue por unas cuatro semanas. Es sobre todo entrenamiento gordo. Solo estoy tratando de perder peso, porque me divierto mucho\u00bb. <\/p>\n<div><\/div>\n<p>Spann se uni\u00f3 a UFC en 2019 y desde entonces ha acumulado un r\u00e9cord de 7-2 con cinco victorias por detenci\u00f3n. Sin embargo, lo m\u00e1s notable es que seis de sus nueve peleas terminaron en el primer asalto. Parte de esto se debe a que no entren\u00f3 adecuadamente y se estaba enfocando en finales r\u00e1pidos. Esto a veces puede resultar contraproducente. <\/p>\n<p>Ahora, sin embargo, \u00abSuperman\u00bb cree que est\u00e1 listo para hacer una carrera real en la divisi\u00f3n. <\/p>\n<p>\u00abSiento que desperdici\u00e9 muchos de mis 20\u00bb, dijo Spann. Deportivamente lo hice porque no era algo que me tomara en serio. Sab\u00eda lo bueno que soy, sab\u00eda lo bueno que era. Fue tan simple. Yo era demasiado inmaduro para darme cuenta. <\/p>\n<p>\u00bb Mi hermano sol\u00eda decirme que necesitas tener fuerza y \u200b\u200bacondicionamiento para apoyar tus habilidades. Yo dec\u00eda: \u00ab\u00bfPor qu\u00e9?\u00bb Puedo patear a la gente en la cabeza. Era una simple pregunta \u00ab\u00bfPor qu\u00e9 estirar?\u00bb Y las cosas simplemente se dispar\u00f3 a partir de ah\u00ed. Todo est\u00e1 bajo control\u00bb.<\/p>\n<p>Una cosa que Spann no ten\u00eda bajo control para UFC 281 era su peso; entr\u00f3 6 libras por encima del l\u00edmite de 206 libras para su pelea con Reyes, que dijo que fue el resultado de una enfermedad que arruin\u00f3 las etapas finales de su corte de peso. <\/p>\n<p>\u00abHe estado enferma durante las \u00faltimas dos semanas. Justo ahora, me siento mejor. Incluso mi voz es mejor. Si me escuchas hablar despu\u00e9s de la pelea all\u00ed, estaba nasal. Todo el tiempo, trat\u00e9 de respirar\u00bb. As\u00ed que solo estaba enfermo. No est\u00e1 claro lo que estaba experimentando. Ten\u00eda alg\u00fan tipo de infecci\u00f3n de las v\u00edas respiratorias superiores o infecci\u00f3n de los senos paranasales, mezclada con gripe o algo as\u00ed. No s\u00e9 lo que ten\u00eda, pero estaba todo alterado. no pod\u00eda sentarme en la sauna&#8230; ten\u00eda tres o cuatro libras [to go] cuando me despert\u00e9 y no pod\u00eda tolerar quedarme ah\u00ed sin vomitar. Mucosidad y todo eso. Estaba todo tan seco. Solo pod\u00eda quedarme en la habitaci\u00f3n durante unos cinco o seis minutos antes de comenzar a atacarla. Estuvo mal.\u00bb <\/p>\n<p>Spann continu\u00f3 diciendo que a\u00fan podr\u00eda haber sido posible para \u00e9l ganar peso, a pesar de las sesiones fallidas de sauna, si simplemente se hubiera cortado el cabello; sin embargo, cuando sus entrenadores lo sugirieron, Spann rechaz\u00f3 la idea. Al final, esa decisi\u00f3n le cost\u00f3 ya que al perder el peso, Spann fue multado con el 20 por ciento de su bolsa de pelea y no fue elegible para ganar un Bono de rendimiento, que dado su espectacular nocaut, podr\u00eda haberle ganado $ 50,000 adicionales. Pero Spann dice que eso nunca fue un pensamiento para \u00e9l. <\/p>\n<p>\u00abA la mierda con eso. \u00abMis hijos nunca me vieron con mi cabello\u00bb, dijo Spann. Fue f\u00e1cil para m\u00ed admitir que no perd\u00ed peso porque sab\u00eda que lo har\u00eda. Tuve que dar el paso, nunca fue una opci\u00f3n en mi mente. <\/p>\n<p>\u00abVale mucho m\u00e1s que [$50,000]. Nunca se ha cambiado. Lo he tenido durante, creo que lo cort\u00e9 una vez, cuando mi hijo mayor, que ahora tiene 10 a\u00f1os, era un beb\u00e9. Esa es la \u00faltima vez que me cort\u00e9 el pelo. Mis hijos, que ya son tres, nunca hab\u00edan visto a su pap\u00e1 sin cabello. No estaba dispuesto a darle mucha importancia. &#8216;\u00a1Oye, sorpresa!&#8217; Va a ser una cosa si decido hacerlo, lo cual dudo que lo haga\u00bb. <\/p>\n<p>UFC 281 fue la primera vez que Spann perdi\u00f3 el peso en su carrera y el contendiente de peso semipesado dice que no es probable que vuelva a suceder, ya que en el futuro tiene la intenci\u00f3n de mantenerse en forma para pelear todo el a\u00f1o, en lugar de crecer entre campamentos. Esto le permitir\u00e1 entrenar y prepararse mejor, y lo har\u00e1 m\u00e1s activo. Spann tambi\u00e9n declar\u00f3 que \u00e9l y UFC ya han comenzado a esperar una pelea contra el peso semipesado No. 7 en el ranking de UFC, Nikita Krylov. <\/p>\n<p>\u00abVa a seguir rodando\u00bb, dijo Spann. Seguiremos movi\u00e9ndonos. De hecho, estamos trabajando en algo ahora mismo. estamos tratando de [No.] 7. Tengo que pelear dos veces solo para llegar a siete, supongo, ya que solo me subieron dos despu\u00e9s de poner los siete anteriores donde estaba. Ahora estamos tratando de conseguir siete\u00bb. <\/p>\n<p>Fuente: https:\/\/www.mmafighting.com\/2022\/11\/22\/23472049\/ryan-spann-says-he-should-have-taken-mma-more-seriously-sooner-i-feel-like-i- desperdici\u00e9 muchos de mis 20?rand=96749<\/p>\n","protected":false},"excerpt":{"rendered":"<p>En UFC 281, Ryan Spann asegur\u00f3 la mayor victoria de su carrera, noqueando al ex retador al t\u00edtulo de peso semipesado Dominick Reyes en solo 80 segundos. Pero el nocaut fue solo la mitad de la historia de la noche, porque despu\u00e9s de la victoria, Spann revel\u00f3 que su actuaci\u00f3n se debi\u00f3 en gran parte [&hellip;]<\/p>\n","protected":false},"author":1,"featured_media":302085,"comment_status":"","ping_status":"open","sticky":false,"template":"","format":"standard","meta":{"footnotes":""},"categories":[1171],"tags":[],"_links":{"self":[{"href":"https:\/\/wmmaa.org\/es\/wp-json\/wp\/v2\/posts\/302115"}],"collection":[{"href":"https:\/\/wmmaa.org\/es\/wp-json\/wp\/v2\/posts"}],"about":[{"href":"https:\/\/wmmaa.org\/es\/wp-json\/wp\/v2\/types\/post"}],"author":[{"embeddable":true,"href":"https:\/\/wmmaa.org\/es\/wp-json\/wp\/v2\/users\/1"}],"replies":[{"embeddable":true,"href":"https:\/\/wmmaa.org\/es\/wp-json\/wp\/v2\/comments?post=302115"}],"version-history":[{"count":0,"href":"https:\/\/wmmaa.org\/es\/wp-json\/wp\/v2\/posts\/302115\/revisions"}],"wp:featuredmedia":[{"embeddable":true,"href":"https:\/\/wmmaa.org\/es\/wp-json\/wp\/v2\/media\/302085"}],"wp:attachment":[{"href":"https:\/\/wmmaa.org\/es\/wp-json\/wp\/v2\/media?parent=302115"}],"wp:term":[{"taxonomy":"category","embeddable":true,"href":"https:\/\/wmmaa.org\/es\/wp-json\/wp\/v2\/categories?post=302115"},{"taxonomy":"post_tag","embeddable":true,"href":"https:\/\/wmmaa.org\/es\/wp-json\/wp\/v2\/tags?post=302115"}],"curies":[{"name":"wp","href":"https:\/\/api.w.org\/{rel}","templated":true}]}}