{"id":300740,"date":"2022-11-20T19:56:29","date_gmt":"2022-11-20T17:56:29","guid":{"rendered":"https:\/\/wmmaa.org\/jason-david-frank-estrella-de-los-power-rangers-y-exluchador-de-mma-muere-a-los-49-anos\/"},"modified":"2022-11-20T19:56:29","modified_gmt":"2022-11-20T17:56:29","slug":"jason-david-frank-estrella-de-los-power-rangers-y-exluchador-de-mma-muere-a-los-49-anos","status":"publish","type":"post","link":"https:\/\/wmmaa.org\/es\/jason-david-frank-estrella-de-los-power-rangers-y-exluchador-de-mma-muere-a-los-49-anos\/","title":{"rendered":"Jason David Frank, estrella de los &#8216;Power Rangers&#8217; y exluchador de MMA, muere a los 49 a\u00f1os"},"content":{"rendered":"<p>Jason David Frank, mejor conocido por su papel de Tommy, el Green Ranger original, en <em>Mighty Morphin Power Rangers<\/em>ha muerto a la edad de 49 a\u00f1os por suicidio. <\/p>\n<p>M\u00faltiples personas cercanas a la situaci\u00f3n confirmaron la noticia a MMA Fighting el domingo. <\/p>\n<p>Nacido en California, Frank consigui\u00f3 su papel como Tommy Oliver en la franquicia Power Rangers a principios de la d\u00e9cada de 1990. Originalmente programado para aparecer en 14 episodios, el personaje de Frank era tan querido por los fan\u00e1ticos que lo trajeron de regreso y se convirti\u00f3 en un elemento b\u00e1sico entre el elenco antes de aparecer finalmente en 123 episodios de la serie. <\/p>\n<p>Frank continu\u00f3 apareciendo en varios proyectos de Power Rangers, incluidas dos pel\u00edculas estrenadas en 1995 y 1997. <\/p>\n<p>Adem\u00e1s de su carrera como actor, Frank fue un entusiasta de las artes marciales de toda la vida como cintur\u00f3n negro de octavo grado en karate Shotokan, as\u00ed como cintur\u00f3n negro en taekwondo y judo. Un cintur\u00f3n morado tambi\u00e9n era suyo en Brazilian Jiu-jitsu. <\/p>\n<p>En 2009, Frank declar\u00f3 su intenci\u00f3n de pasar a las artes marciales mixtas despu\u00e9s de entrenar durante la mayor parte de su vida. Logr\u00f3 una carrera amateur de 4-0 mientras compet\u00eda en Texas y Virginia. Hizo su debut profesional en MMA en 2010 cuando obtuvo una victoria por sumisi\u00f3n en el primer asalto como parte de la promoci\u00f3n Texas Cage Fighting. <\/p>\n<p>\u00abSolo para dar lo mejor de m\u00ed y demostrar que soy un luchador\u00bb, dijo Frank cuando anunci\u00f3 su intenci\u00f3n de ingresar a MMA. \u00abNo estoy buscando ning\u00fan t\u00edtulo espec\u00edficamente. Solo quiero que mis fan\u00e1ticos est\u00e9n orgullosos\u00bb.<\/p>\n<p>.<\/p>\n<p>En un tributo de Instagram, el gerente de MMA de Frank desde hace mucho tiempo, Brian Butler de Suckerpunch Entertainment, public\u00f3 una publicaci\u00f3n del domingo en la que rindi\u00f3 homenaje al cliente. <\/p>\n<div>\n<blockquote class=\"instagram-media\" data-instgrm-captioned=\"\" data-instgrm-permalink=\"https:\/\/www.instagram.com\/p\/ClL_umrLvQd\/?utm_source=ig_embed&amp;utm_campaign=loading\" data-instgrm-version=\"14\" style=\"background:#FFF;border:0;border-radius:3px;margin: 1px;max-width:658px;min-width:326px;padding:0;width:99.375%;width:-webkit-calc(100% - 2px);width:calc(100% - 2px)\">\n<div style=\"padding:16px\"> <a rel=\"nofollow noopener\" target=\"_blank\" href=\"https:\/\/www.instagram.com\/p\/ClL_umrLvQd\/?utm_source=ig_embed&amp;utm_campaign=loading\" style=\"background:#FFFFFF;line-height:0;padding:0 0;text-align:center;text-decoration:none;width:100%\"> <\/p>\n<div style=\"flex-direction: row;align-items: center\">\n<div style=\"background-color: #F4F4F4;border-radius: 50%;flex-grow: 0;height: 40px;margin-right: 14px;width: 40px\"><\/div>\n<div style=\"flex-direction: column;flex-grow: 1;justify-content: center\">\n<div style=\"background-color: #F4F4F4;border-radius: 4px;flex-grow: 0;height: 14px;margin-bottom: 6px;width: 100px\"><\/div>\n<div style=\"background-color: #F4F4F4;border-radius: 4px;flex-grow: 0;height: 14px;width: 60px\"><\/div>\n<\/div>\n<\/div>\n<div style=\"padding: 19% 0\"><\/div>\n<div style=\"height:50px;margin:0 auto 12px;width:50px\"><\/div>\n<div style=\"padding-top: 8px\">\n<div style=\"color:#3897f0;font-family:Arial,sans-serif;font-size:14px;font-style:normal;font-weight:550;line-height:18px\">Ver esta publicaci\u00f3n en Instagram<\/div>\n<\/div>\n<div style=\"padding: 12.5% 0\"><\/div>\n<div style=\"flex-direction: row;margin-bottom: 14px;align-items: center\">\n<div>\n<div style=\"background-color: #F4F4F4;border-radius: 50%;height: 12.5px;width: 12.5px\"><\/div>\n<div style=\"background-color: #F4F4F4;height: 12.5px;width: 12.5px;flex-grow: 0;margin-right: 14px;margin-left: 2px\"><\/div>\n<div style=\"background-color: #F4F4F4;border-radius: 50%;height: 12.5px;width: 12.5px\"><\/div>\n<\/div>\n<div style=\"margin-left: 8px\">\n<div style=\"background-color: #F4F4F4;border-radius: 50%;flex-grow: 0;height: 20px;width: 20px\"><\/div>\n<div style=\"width: 0;height: 0;border-top: 2px solid transparent;border-left: 6px solid #f4f4f4;border-bottom: 2px solid transparent\"><\/div>\n<\/div>\n<div style=\"margin-left: auto\">\n<div style=\"width: 0px;border-top: 8px solid #F4F4F4;border-right: 8px solid transparent\"><\/div>\n<div style=\"background-color: #F4F4F4;flex-grow: 0;height: 12px;width: 16px\"><\/div>\n<div style=\"width: 0;height: 0;border-top: 8px solid #F4F4F4;border-left: 8px solid transparent\"><\/div>\n<\/div>\n<\/div>\n<div style=\"flex-direction: column;flex-grow: 1;justify-content: center;margin-bottom: 24px\">\n<div style=\"background-color: #F4F4F4;border-radius: 4px;flex-grow: 0;height: 14px;margin-bottom: 6px;width: 224px\"><\/div>\n<div style=\"background-color: #F4F4F4;border-radius: 4px;flex-grow: 0;height: 14px;width: 144px\"><\/div>\n<\/div>\n<p><\/a><\/p>\n<p style=\"color:#c9c8cd;font-family:Arial,sans-serif;font-size:14px;line-height:17px;margin-bottom:0;margin-top:8px;overflow:hidden;padding:8px 0 7px;text-align:center\"><a rel=\"nofollow noopener\" target=\"_blank\" href=\"https:\/\/www.instagram.com\/p\/ClL_umrLvQd\/?utm_source=ig_embed&amp;utm_campaign=loading\" style=\"color:#c9c8cd;font-family:Arial,sans-serif;font-size:14px;font-style:normal;font-weight:normal;line-height:17px;text-decoration:none\">Una publicaci\u00f3n compartida por Brian Butler-Au (@suckerpunchent)<\/a><\/p>\n<\/div>\n<\/blockquote>\n<\/div>\n<p>Sus cuatro hijos sobrevivieron a Frank. <\/p>\n<p><em>Si usted o alguien que conoce est\u00e1 considerando suicidarse, comun\u00edquese con la L\u00ednea Nacional de Prevenci\u00f3n del Suicidio marcando 988 en cualquier tel\u00e9fono. <\/em><\/p>\n<p>Fuente: https:\/\/www.mmafighting.com\/2022\/11\/20\/23469322\/jason-david-frank-power-rangers-star-and-former-mma-fighter-dies-at-49?rand=96749<\/p>\n","protected":false},"excerpt":{"rendered":"<p>Jason David Frank, mejor conocido por su papel de Tommy, el Green Ranger original, en Mighty Morphin Power Rangersha muerto a la edad de 49 a\u00f1os por suicidio. M\u00faltiples personas cercanas a la situaci\u00f3n confirmaron la noticia a MMA Fighting el domingo. Nacido en California, Frank consigui\u00f3 su papel como Tommy Oliver en la franquicia [&hellip;]<\/p>\n","protected":false},"author":1,"featured_media":300724,"comment_status":"","ping_status":"open","sticky":false,"template":"","format":"standard","meta":{"footnotes":""},"categories":[1171],"tags":[],"_links":{"self":[{"href":"https:\/\/wmmaa.org\/es\/wp-json\/wp\/v2\/posts\/300740"}],"collection":[{"href":"https:\/\/wmmaa.org\/es\/wp-json\/wp\/v2\/posts"}],"about":[{"href":"https:\/\/wmmaa.org\/es\/wp-json\/wp\/v2\/types\/post"}],"author":[{"embeddable":true,"href":"https:\/\/wmmaa.org\/es\/wp-json\/wp\/v2\/users\/1"}],"replies":[{"embeddable":true,"href":"https:\/\/wmmaa.org\/es\/wp-json\/wp\/v2\/comments?post=300740"}],"version-history":[{"count":0,"href":"https:\/\/wmmaa.org\/es\/wp-json\/wp\/v2\/posts\/300740\/revisions"}],"wp:featuredmedia":[{"embeddable":true,"href":"https:\/\/wmmaa.org\/es\/wp-json\/wp\/v2\/media\/300724"}],"wp:attachment":[{"href":"https:\/\/wmmaa.org\/es\/wp-json\/wp\/v2\/media?parent=300740"}],"wp:term":[{"taxonomy":"category","embeddable":true,"href":"https:\/\/wmmaa.org\/es\/wp-json\/wp\/v2\/categories?post=300740"},{"taxonomy":"post_tag","embeddable":true,"href":"https:\/\/wmmaa.org\/es\/wp-json\/wp\/v2\/tags?post=300740"}],"curies":[{"name":"wp","href":"https:\/\/api.w.org\/{rel}","templated":true}]}}