{"id":298580,"date":"2022-11-17T23:41:58","date_gmt":"2022-11-17T21:41:58","guid":{"rendered":"https:\/\/wmmaa.org\/yerbosynuly-fue-sacado-del-coma-se-esta-recuperando-poderosamente-fuentes\/"},"modified":"2022-11-17T23:41:58","modified_gmt":"2022-11-17T21:41:58","slug":"yerbosynuly-fue-sacado-del-coma-se-esta-recuperando-poderosamente-fuentes","status":"publish","type":"post","link":"https:\/\/wmmaa.org\/es\/yerbosynuly-fue-sacado-del-coma-se-esta-recuperando-poderosamente-fuentes\/","title":{"rendered":"Yerbosynuly fue sacado del coma, se est\u00e1 recuperando poderosamente &#8211; fuentes"},"content":{"rendered":"<p><img decoding=\"async\" src=\"https:\/\/wmmaa.org\/wp-content\/uploads\/2022\/11\/1a4e5ab0a328d0d0fe660d22b1082ea4.jpg\" alt=\"\"><\/p>\n<div>\n<p> El kazajo Aidos Yerbosynuly (16-1, 11 KOs), de 31 a\u00f1os, quien sufri\u00f3 una lesi\u00f3n en la cabeza en una pelea reciente por el t\u00edtulo de campe\u00f3n s\u00faper mediano \u00abregular\u00bb de la AMB contra David Morrel (8-0, 7 KOs), fue fue sacado del coma m\u00e9dico y trasladado de cuidados intensivos a una sala de hospital normal. Est\u00e1 mejorando, dijeron.<br \/>\n <a rel=\"nofollow noopener\" target=\"_blank\" href=\"https:\/\/danrafael.substack.com\/p\/sources-yerbossynuly-out-of-medically\">Lucha Freaks Unite<\/a> Fuentes conscientes de su condici\u00f3n.\n<\/p>\n<p> La pelea que termin\u00f3 en tragedia ocurri\u00f3 la ma\u00f1ana del 6 de noviembre, hora europea: Aidos fue derrotado y noqueado en el 12\u00b0 asalto, tras lo cual se sinti\u00f3 muy mal. El luchador fue trasladado de urgencia a un hospital de Minneapolis (EE.UU.), puesto en coma inducido m\u00e9dicamente y sometido a una cirug\u00eda para reducir el edema cerebral.\n<\/p>\n<p> Casi dos semanas despu\u00e9s, \u00abest\u00e1 mostrando una gran mejor\u00eda\u00bb, dicen las fuentes.\n<\/p>\n<p> Una fuente afirma que Yerbosynuly puede hablar, mientras que otra dijo que incluso puede caminar hasta cierto punto.\n<\/p>\n<p>\n <b>morrel<\/b><b>:: \u00abNo me tienen miedo, pero saben con certeza que Morrel vendr\u00e1 por ellos\u00bb<\/b>\n<\/p>\n<p> <b> <\/b><\/p>\n<p> Seg\u00fan las fuentes internas de Dan Rafael, TGB Promotions y PBC Al Haymon tienen un representante en Minneapolis para ayudar al equipo de Yerbosynuly. Tambi\u00e9n tuvieron que traer a miembros de su familia desde Kazajst\u00e1n.\n<\/p>\n<p> El entrenador de Morrel cree que la carrera de Yerbosynuly ha terminado. Capit\u00e1n Obvio, por Dios.<\/p>\n<p> Echa un vistazo al tipo genial Morrel: c\u00f3mo reaccion\u00f3 el cubano a la lesi\u00f3n de Yerbosynuly.<\/p>\n<p><b><\/p>\n","protected":false},"excerpt":{"rendered":"<p>El kazajo Aidos Yerbosynuly (16-1, 11 KOs), de 31 a\u00f1os, quien sufri\u00f3 una lesi\u00f3n en la cabeza en una pelea reciente por el t\u00edtulo de campe\u00f3n s\u00faper mediano \u00abregular\u00bb de la AMB contra David Morrel (8-0, 7 KOs), fue fue sacado del coma m\u00e9dico y trasladado de cuidados intensivos a una sala de hospital normal. [&hellip;]<\/p>\n","protected":false},"author":1,"featured_media":298564,"comment_status":"","ping_status":"open","sticky":false,"template":"","format":"standard","meta":{"footnotes":""},"categories":[1171],"tags":[],"_links":{"self":[{"href":"https:\/\/wmmaa.org\/es\/wp-json\/wp\/v2\/posts\/298580"}],"collection":[{"href":"https:\/\/wmmaa.org\/es\/wp-json\/wp\/v2\/posts"}],"about":[{"href":"https:\/\/wmmaa.org\/es\/wp-json\/wp\/v2\/types\/post"}],"author":[{"embeddable":true,"href":"https:\/\/wmmaa.org\/es\/wp-json\/wp\/v2\/users\/1"}],"replies":[{"embeddable":true,"href":"https:\/\/wmmaa.org\/es\/wp-json\/wp\/v2\/comments?post=298580"}],"version-history":[{"count":0,"href":"https:\/\/wmmaa.org\/es\/wp-json\/wp\/v2\/posts\/298580\/revisions"}],"wp:featuredmedia":[{"embeddable":true,"href":"https:\/\/wmmaa.org\/es\/wp-json\/wp\/v2\/media\/298564"}],"wp:attachment":[{"href":"https:\/\/wmmaa.org\/es\/wp-json\/wp\/v2\/media?parent=298580"}],"wp:term":[{"taxonomy":"category","embeddable":true,"href":"https:\/\/wmmaa.org\/es\/wp-json\/wp\/v2\/categories?post=298580"},{"taxonomy":"post_tag","embeddable":true,"href":"https:\/\/wmmaa.org\/es\/wp-json\/wp\/v2\/tags?post=298580"}],"curies":[{"name":"wp","href":"https:\/\/api.w.org\/{rel}","templated":true}]}}