{"id":298464,"date":"2022-11-17T21:48:01","date_gmt":"2022-11-17T19:48:01","guid":{"rendered":"https:\/\/wmmaa.org\/jorge-masvidal-le-responde-al-pequeno-b-gilbert-burns-con-mucho-gusto-te-sacare-la-mierda-a-golpes\/"},"modified":"2022-11-17T21:48:01","modified_gmt":"2022-11-17T19:48:01","slug":"jorge-masvidal-le-responde-al-pequeno-b-gilbert-burns-con-mucho-gusto-te-sacare-la-mierda-a-golpes","status":"publish","type":"post","link":"https:\/\/wmmaa.org\/es\/jorge-masvidal-le-responde-al-pequeno-b-gilbert-burns-con-mucho-gusto-te-sacare-la-mierda-a-golpes\/","title":{"rendered":"Jorge Masvidal le responde al &#8216;peque\u00f1o b ****&#8217; Gilbert Burns: &#8216;Con mucho gusto te sacar\u00e9 la mierda a golpes&#8217;"},"content":{"rendered":"<p>Jorge Masvidal ha escuchado suficiente.<\/p>\n<p>El dos veces retador al t\u00edtulo de peso welter de UFC finalmente respondi\u00f3 a las llamadas de Gilbert Burns despu\u00e9s de que el brasile\u00f1o afirm\u00f3 que Masvidal rechaz\u00f3 una pelea contra \u00e9l en UFC 283 en enero. quemaduras tiene <a rel=\"nofollow noopener\" target=\"_blank\" href=\"https:\/\/twitter.com\/GilbertDurinho\/status\/1592248320663355392\">empujado por el enfrentamiento <\/a>contra Masvidal durante varios meses, y ahora el primer y \u00fanico campe\u00f3n \u00abBMF\u00bb de UFC est\u00e1 respondiendo.<\/p>\n<p>\u201cLo siento, me he estado perdiendo\u201d, dijo Masvidal en Instagram. \u201cTu chico ha estado difundiendo sus palabras, haciendo lo suyo, asegur\u00e1ndose de que este pa\u00eds se mantenga lo m\u00e1s libre posible. Los amo a todos, de izquierda a derecha. Los ex\u00e1menes parciales ya terminaron, as\u00ed que ahora puedo concentrarme en otras cosas como ser yo mismo y ser ego\u00edsta. As\u00ed que tengo que dirigirme a esta peque\u00f1a perra para la que normalmente no tendr\u00eda tiempo, pero hoy har\u00e9 algo de tiempo para ti, Gilbert.<\/p>\n<p>\u00abCazador [Campbell], si est\u00e1s escuchando esto o cuando ves esto, \u00bfpuedes decirle a esta perra que nunca acept\u00e9 noviembre, diciembre o enero? He tenido casos judiciales, he tenido cosas diferentes, un mont\u00f3n de cosas en las que no he podido decidir cu\u00e1ndo pelear\u201d.<\/p>\n<div>\n<blockquote class=\"instagram-media\" data-instgrm-captioned=\"\" data-instgrm-permalink=\"https:\/\/www.instagram.com\/reel\/ClEjTfnDOir\/?utm_source=ig_embed&amp;utm_campaign=loading\" data-instgrm-version=\"14\" style=\"background:#FFF;border:0;border-radius:3px;margin: 1px;max-width:658px;min-width:326px;padding:0;width:99.375%;width:-webkit-calc(100% - 2px);width:calc(100% - 2px)\">\n<div style=\"padding:16px\"> <a rel=\"nofollow noopener\" target=\"_blank\" href=\"https:\/\/www.instagram.com\/reel\/ClEjTfnDOir\/?utm_source=ig_embed&amp;utm_campaign=loading\" style=\"background:#FFFFFF;line-height:0;padding:0 0;text-align:center;text-decoration:none;width:100%\"> <\/p>\n<div style=\"flex-direction: row;align-items: center\">\n<div style=\"background-color: #F4F4F4;border-radius: 50%;flex-grow: 0;height: 40px;margin-right: 14px;width: 40px\"><\/div>\n<div style=\"flex-direction: column;flex-grow: 1;justify-content: center\">\n<div style=\"background-color: #F4F4F4;border-radius: 4px;flex-grow: 0;height: 14px;margin-bottom: 6px;width: 100px\"><\/div>\n<div style=\"background-color: #F4F4F4;border-radius: 4px;flex-grow: 0;height: 14px;width: 60px\"><\/div>\n<\/div>\n<\/div>\n<div style=\"padding: 19% 0\"><\/div>\n<div style=\"height:50px;margin:0 auto 12px;width:50px\"><\/div>\n<div style=\"padding-top: 8px\">\n<div style=\"color:#3897f0;font-family:Arial,sans-serif;font-size:14px;font-style:normal;font-weight:550;line-height:18px\">Ver esta publicaci\u00f3n en Instagram<\/div>\n<\/div>\n<div style=\"padding: 12.5% 0\"><\/div>\n<div style=\"flex-direction: row;margin-bottom: 14px;align-items: center\">\n<div>\n<div style=\"background-color: #F4F4F4;border-radius: 50%;height: 12.5px;width: 12.5px\"><\/div>\n<div style=\"background-color: #F4F4F4;height: 12.5px;width: 12.5px;flex-grow: 0;margin-right: 14px;margin-left: 2px\"><\/div>\n<div style=\"background-color: #F4F4F4;border-radius: 50%;height: 12.5px;width: 12.5px\"><\/div>\n<\/div>\n<div style=\"margin-left: 8px\">\n<div style=\"background-color: #F4F4F4;border-radius: 50%;flex-grow: 0;height: 20px;width: 20px\"><\/div>\n<div style=\"width: 0;height: 0;border-top: 2px solid transparent;border-left: 6px solid #f4f4f4;border-bottom: 2px solid transparent\"><\/div>\n<\/div>\n<div style=\"margin-left: auto\">\n<div style=\"width: 0px;border-top: 8px solid #F4F4F4;border-right: 8px solid transparent\"><\/div>\n<div style=\"background-color: #F4F4F4;flex-grow: 0;height: 12px;width: 16px\"><\/div>\n<div style=\"width: 0;height: 0;border-top: 8px solid #F4F4F4;border-left: 8px solid transparent\"><\/div>\n<\/div>\n<\/div>\n<div style=\"flex-direction: column;flex-grow: 1;justify-content: center;margin-bottom: 24px\">\n<div style=\"background-color: #F4F4F4;border-radius: 4px;flex-grow: 0;height: 14px;margin-bottom: 6px;width: 224px\"><\/div>\n<div style=\"background-color: #F4F4F4;border-radius: 4px;flex-grow: 0;height: 14px;width: 144px\"><\/div>\n<\/div>\n<p><\/a><\/p>\n<p style=\"color:#c9c8cd;font-family:Arial,sans-serif;font-size:14px;line-height:17px;margin-bottom:0;margin-top:8px;overflow:hidden;padding:8px 0 7px;text-align:center\"><a rel=\"nofollow noopener\" target=\"_blank\" href=\"https:\/\/www.instagram.com\/reel\/ClEjTfnDOir\/?utm_source=ig_embed&amp;utm_campaign=loading\" style=\"color:#c9c8cd;font-family:Arial,sans-serif;font-size:14px;font-style:normal;font-weight:normal;line-height:17px;text-decoration:none\">Una publicaci\u00f3n compartida por Jorge Masvidal (@gamebredfighter)<\/a><\/p>\n<\/div>\n<\/blockquote>\n<\/div>\n<p>El caso judicial al que probablemente se refiere Masvidal son los cargos de agresi\u00f3n presentados en su contra despu\u00e9s de que supuestamente atac\u00f3 a su compa\u00f1ero luchador de UFC Colby Covington en marzo despu\u00e9s de que se enfrentaron inicialmente en la jaula. Ese incidente condujo a su arresto con m\u00faltiples cargos en su contra, incluidos dos delitos graves por agresi\u00f3n agravada y conducta delictiva.<\/p>\n<p>Masvidal no ha visto acci\u00f3n desde la pelea de Covington, pero parece que est\u00e1 listo para reanudar su carrera luego de proponer una nueva fecha y lugar para el posible enfrentamiento con Burns.<\/p>\n<p>\u00abRecib\u00ed noticias mucho mejores hoy, \u00bfas\u00ed que adivina qu\u00e9?\u00bb Grit\u00f3 Masvidal. \u201cSi quieres que te pateen el trasero cuando Leon Edwards defienda ese cintur\u00f3n de mierda en Inglaterra, con mucho gusto te sacar\u00e9 a golpes, Gilbert. Si no, c\u00e1llate la boca.<\/p>\n<p>\u201cPorque eres ap****. No vas a hacer nada. Cuando me veas en la calle o cuando me veas en la jaula, y los dos lo sabemos, me vas a pedir una foto en la vida real y dir\u00e1s que todo es una tonter\u00eda y es solo por el pago. por vista. As\u00ed que c\u00e1llate la boca\u201d.<\/p>\n<p>El evento al que hace referencia Masvidal es una tarjeta que se rumorea en el Reino Unido en marzo, que puede terminar sirviendo como el lugar para la revancha de la pelea por el t\u00edtulo de peso welter entre Leon Edwards y Kamaru Usman. No se han hecho ni aceptado ofertas de pelea en este momento, pero tanto Edwards como Usman han insinuado esa fecha como un posible lugar de aterrizaje para su trilog\u00eda.<\/p>\n<p>En cuanto a Burns, aparentemente se alej\u00f3 de la pelea de Masvidal despu\u00e9s de pedir el enfrentamiento en numerosas ocasiones, aunque la respuesta de su posible oponente podr\u00eda hacer que se interese nuevamente.<\/p>\n<p>Ambos boxeadores vienen de p\u00e9rdidas. Masvidal dej\u00f3 caer una decisi\u00f3n ante Covington, mientras que Burns se qued\u00f3 corto contra Khamzat Chimaev en un posible candidato a \u00abPelea del a\u00f1o\u00bb en mayo.<\/p>\n<\/p>\n<p>Fuente: https:\/\/www.mmafighting.com\/2022\/11\/17\/23464704\/jorge-masvidal-fires-back-at-little-b-gilbert-burns-i-will-gladly-beat-the-living- s-fuera-de-ti?rand=96749<\/p>\n","protected":false},"excerpt":{"rendered":"<p>Jorge Masvidal ha escuchado suficiente. El dos veces retador al t\u00edtulo de peso welter de UFC finalmente respondi\u00f3 a las llamadas de Gilbert Burns despu\u00e9s de que el brasile\u00f1o afirm\u00f3 que Masvidal rechaz\u00f3 una pelea contra \u00e9l en UFC 283 en enero. quemaduras tiene empujado por el enfrentamiento contra Masvidal durante varios meses, y ahora [&hellip;]<\/p>\n","protected":false},"author":1,"featured_media":298448,"comment_status":"","ping_status":"open","sticky":false,"template":"","format":"standard","meta":{"footnotes":""},"categories":[1171],"tags":[],"_links":{"self":[{"href":"https:\/\/wmmaa.org\/es\/wp-json\/wp\/v2\/posts\/298464"}],"collection":[{"href":"https:\/\/wmmaa.org\/es\/wp-json\/wp\/v2\/posts"}],"about":[{"href":"https:\/\/wmmaa.org\/es\/wp-json\/wp\/v2\/types\/post"}],"author":[{"embeddable":true,"href":"https:\/\/wmmaa.org\/es\/wp-json\/wp\/v2\/users\/1"}],"replies":[{"embeddable":true,"href":"https:\/\/wmmaa.org\/es\/wp-json\/wp\/v2\/comments?post=298464"}],"version-history":[{"count":0,"href":"https:\/\/wmmaa.org\/es\/wp-json\/wp\/v2\/posts\/298464\/revisions"}],"wp:featuredmedia":[{"embeddable":true,"href":"https:\/\/wmmaa.org\/es\/wp-json\/wp\/v2\/media\/298448"}],"wp:attachment":[{"href":"https:\/\/wmmaa.org\/es\/wp-json\/wp\/v2\/media?parent=298464"}],"wp:term":[{"taxonomy":"category","embeddable":true,"href":"https:\/\/wmmaa.org\/es\/wp-json\/wp\/v2\/categories?post=298464"},{"taxonomy":"post_tag","embeddable":true,"href":"https:\/\/wmmaa.org\/es\/wp-json\/wp\/v2\/tags?post=298464"}],"curies":[{"name":"wp","href":"https:\/\/api.w.org\/{rel}","templated":true}]}}