{"id":294310,"date":"2022-11-12T21:27:42","date_gmt":"2022-11-12T19:27:42","guid":{"rendered":"https:\/\/wmmaa.org\/se-pospone-el-regreso-de-josue-se-nombra-el-motivo\/"},"modified":"2022-11-12T21:27:42","modified_gmt":"2022-11-12T19:27:42","slug":"se-pospone-el-regreso-de-josue-se-nombra-el-motivo","status":"publish","type":"post","link":"https:\/\/wmmaa.org\/es\/se-pospone-el-regreso-de-josue-se-nombra-el-motivo\/","title":{"rendered":"Se pospone el regreso de Josu\u00e9: se nombra el motivo"},"content":{"rendered":"<p><img decoding=\"async\" src=\"https:\/\/wmmaa.org\/wp-content\/uploads\/2022\/11\/ecd075729432df65a21c3a394c05839c.jpg\" alt=\"\"><\/p>\n<div>\n<p> El excampe\u00f3n mundial de los pesos pesados \u200b\u200bAnthony Joshua (24-3, 22 KOs) se molest\u00f3 tanto porque a principios de oto\u00f1o no fue posible acordar una megapelea contra Tyson Fury a fin de a\u00f1o que se olvid\u00f3 de todo y ampli\u00f3 su per\u00edodo de descanso. . En otras palabras, regresar\u00e1 al ring no antes de la segunda quincena de marzo, dijo el jefe de Matchroom Boxing, Eddie Hearn.<\/p>\n<p> \u201cCuando pasa volando una oportunidad como esa con Fury, est\u00e1s un poco, digamos, molesto. Y ahora ya es noviembre, resulta que dices: \u00abNo, probablemente no voy a pelear en diciembre\u00bb. Luego llega la Navidad, las vacaciones, y t\u00fa &#8211; \u00abno, yo tampoco boxear\u00e9 en enero\u00bb. Antes de que te des cuenta, ya es febrero. Y ahora vas a hacer una pelea por marzo\u201d, explic\u00f3 el promotor de AJ en un comentario.<br \/>\n<a rel=\"nofollow noopener\" target=\"_blank\" href=\"https:\/\/www.youtube.com\/watch?v=fpFa2pWtEXA&amp;t=696s\">TV IFL<\/a>.<\/p>\n<p> Seg\u00fan \u00e9l, Joshua se ha estado relajando en el Medio Oriente durante mucho tiempo, \u00abest\u00e1 de vacaciones\u00bb.<\/p>\n<p><b>Cinco posibles oponentes para Joshua: todos los nombres<\/b><\/p>\n<p> \u201c\u00bfPor qu\u00e9 solo va a pelear en marzo? Bueno, solo quer\u00eda extender mis vacaciones por unas semanas. Bien realmente. Pero todav\u00eda est\u00e1 concentrado y hambriento, nos asegura Eddie. \u201cNuestro plan, para ser honesto, es a mediados o finales de marzo\u201d.<\/p>\n<p> Los brit\u00e1nicos, en general, est\u00e1n sufriendo. Dice: \u00abNo soy un campe\u00f3n, y me duele mucho\u00bb. \u00bfEl especial de EE. UU. Garc\u00eda preparar\u00e1 a Joshua para su regreso? respuesta brit\u00e1nica.<\/p>\n<p><b><\/p>\n","protected":false},"excerpt":{"rendered":"<p>El excampe\u00f3n mundial de los pesos pesados \u200b\u200bAnthony Joshua (24-3, 22 KOs) se molest\u00f3 tanto porque a principios de oto\u00f1o no fue posible acordar una megapelea contra Tyson Fury a fin de a\u00f1o que se olvid\u00f3 de todo y ampli\u00f3 su per\u00edodo de descanso. . En otras palabras, regresar\u00e1 al ring no antes de la [&hellip;]<\/p>\n","protected":false},"author":1,"featured_media":294299,"comment_status":"","ping_status":"open","sticky":false,"template":"","format":"standard","meta":{"footnotes":""},"categories":[1171],"tags":[],"_links":{"self":[{"href":"https:\/\/wmmaa.org\/es\/wp-json\/wp\/v2\/posts\/294310"}],"collection":[{"href":"https:\/\/wmmaa.org\/es\/wp-json\/wp\/v2\/posts"}],"about":[{"href":"https:\/\/wmmaa.org\/es\/wp-json\/wp\/v2\/types\/post"}],"author":[{"embeddable":true,"href":"https:\/\/wmmaa.org\/es\/wp-json\/wp\/v2\/users\/1"}],"replies":[{"embeddable":true,"href":"https:\/\/wmmaa.org\/es\/wp-json\/wp\/v2\/comments?post=294310"}],"version-history":[{"count":0,"href":"https:\/\/wmmaa.org\/es\/wp-json\/wp\/v2\/posts\/294310\/revisions"}],"wp:featuredmedia":[{"embeddable":true,"href":"https:\/\/wmmaa.org\/es\/wp-json\/wp\/v2\/media\/294299"}],"wp:attachment":[{"href":"https:\/\/wmmaa.org\/es\/wp-json\/wp\/v2\/media?parent=294310"}],"wp:term":[{"taxonomy":"category","embeddable":true,"href":"https:\/\/wmmaa.org\/es\/wp-json\/wp\/v2\/categories?post=294310"},{"taxonomy":"post_tag","embeddable":true,"href":"https:\/\/wmmaa.org\/es\/wp-json\/wp\/v2\/tags?post=294310"}],"curies":[{"name":"wp","href":"https:\/\/api.w.org\/{rel}","templated":true}]}}