{"id":294212,"date":"2022-11-12T19:15:43","date_gmt":"2022-11-12T17:15:43","guid":{"rendered":"https:\/\/wmmaa.org\/el-entrenador-eugene-bareman-explica-por-que-las-criticas-a-la-victoria-de-israel-adesanya-en-ufc-276-me-importan-cero\/"},"modified":"2022-11-12T19:15:43","modified_gmt":"2022-11-12T17:15:43","slug":"el-entrenador-eugene-bareman-explica-por-que-las-criticas-a-la-victoria-de-israel-adesanya-en-ufc-276-me-importan-cero","status":"publish","type":"post","link":"https:\/\/wmmaa.org\/es\/el-entrenador-eugene-bareman-explica-por-que-las-criticas-a-la-victoria-de-israel-adesanya-en-ufc-276-me-importan-cero\/","title":{"rendered":"El entrenador Eugene Bareman explica por qu\u00e9 las cr\u00edticas a la victoria de Israel Adesanya en UFC 276 \u00abme importan cero\u00bb"},"content":{"rendered":"<p>El entrenador en jefe de Israel Adesanya, Eugene Bareman, vio algunas fallas en la defensa del t\u00edtulo m\u00e1s reciente del campe\u00f3n de peso mediano contra Jared Cannonier en el evento UFC 276 de julio, pero eso no cambi\u00f3 el hecho de que la actuaci\u00f3n segu\u00eda siendo unilateral y sensacional en general. <\/p>\n<p>Adesanya encabezar\u00e1 la cartelera de pelea de UFC 281 del s\u00e1bado en el Madison Square Garden mientras defiende su t\u00edtulo contra su enemigo de toda la vida, y dos veces ex oponente de kickboxing, Alex Pereira. <\/p>\n<p>Con respecto a las cr\u00edticas de los fan\u00e1ticos sobre la victoria por decisi\u00f3n dominante de Adesanya para culminar la Semana Internacional de la Lucha, a Bareman no podr\u00eda importarle menos. <\/p>\n<p>\u00abLas expectativas de otras personas no me importan nada, no le importan nada al equipo y le importan un poco a Israel, m\u00e1s de lo que deber\u00eda\u00bb, dijo Bareman en <a rel=\"nofollow noopener\" target=\"_blank\" href=\"https:\/\/youtu.be\/bXUJpJVn5Co\"><em>La hora de las MMA<\/em><\/a>. Ten\u00edamos algunas cosas en marcha y planeamos montar m\u00e1s ofensiva que nosotros, as\u00ed que tratamos de presionar a Israel, pero no pudimos unirnos con sus ideas. [coming] juntos. <\/p>\n<p>\u00abEso es en lo que tenemos que trabajar. Esto es lo que saqu\u00e9 de esa pelea. Necesitamos averiguar por qu\u00e9 nuestras ideas no encajaron y no podemos continuar con la ofensiva. Eso no tiene nada que ver con lo que otros piensan. Creo que se sinti\u00f3 decepcionado de no poder traducir los planes que ten\u00edamos para esa jaula esa noche \u00ab.<\/p>\n<p>.<\/p>\n<p>Si bien la actuaci\u00f3n no fue exactamente lo que Bareman ten\u00eda en mente para Adesanya, el entrenador en jefe de City Kickboxing todav\u00eda le da mucho cr\u00e9dito a su luchador. Bareman esperaba que Cannonier fuera m\u00e1s agresivo, como la mayor\u00eda de la gente. No lo estaba, y la pelea se desarroll\u00f3 de la forma en que lo hizo. <\/p>\n<p>\u00abTodav\u00eda logramos lo que quer\u00edamos en t\u00e9rminos de ganar la pelea\u00bb, afirm\u00f3 Bareman. Fue una excelente pelea. Sorprendentemente, cre\u00ed que Cannonier se expondr\u00eda a un mayor riesgo. Cannonier se volvi\u00f3 extremadamente, muy conservador. <\/p>\n<p>\u00abEs f\u00e1cil decirlo, pero es mucho m\u00e1s dif\u00edcil estar all\u00ed y sentir que est\u00e1s avanzando\u00bb.<\/p>\n<p>Fuente: https:\/\/www.mmafighting.com\/2022\/11\/12\/23445330\/coach-eugene-bareman-explains-why-criticism-of-israel-adesanyas-ufc-276-win-matters-zero-to- yo?rand=96749<\/p>\n","protected":false},"excerpt":{"rendered":"<p>El entrenador en jefe de Israel Adesanya, Eugene Bareman, vio algunas fallas en la defensa del t\u00edtulo m\u00e1s reciente del campe\u00f3n de peso mediano contra Jared Cannonier en el evento UFC 276 de julio, pero eso no cambi\u00f3 el hecho de que la actuaci\u00f3n segu\u00eda siendo unilateral y sensacional en general. Adesanya encabezar\u00e1 la cartelera [&hellip;]<\/p>\n","protected":false},"author":1,"featured_media":294196,"comment_status":"","ping_status":"open","sticky":false,"template":"","format":"standard","meta":{"footnotes":""},"categories":[1171],"tags":[],"_links":{"self":[{"href":"https:\/\/wmmaa.org\/es\/wp-json\/wp\/v2\/posts\/294212"}],"collection":[{"href":"https:\/\/wmmaa.org\/es\/wp-json\/wp\/v2\/posts"}],"about":[{"href":"https:\/\/wmmaa.org\/es\/wp-json\/wp\/v2\/types\/post"}],"author":[{"embeddable":true,"href":"https:\/\/wmmaa.org\/es\/wp-json\/wp\/v2\/users\/1"}],"replies":[{"embeddable":true,"href":"https:\/\/wmmaa.org\/es\/wp-json\/wp\/v2\/comments?post=294212"}],"version-history":[{"count":0,"href":"https:\/\/wmmaa.org\/es\/wp-json\/wp\/v2\/posts\/294212\/revisions"}],"wp:featuredmedia":[{"embeddable":true,"href":"https:\/\/wmmaa.org\/es\/wp-json\/wp\/v2\/media\/294196"}],"wp:attachment":[{"href":"https:\/\/wmmaa.org\/es\/wp-json\/wp\/v2\/media?parent=294212"}],"wp:term":[{"taxonomy":"category","embeddable":true,"href":"https:\/\/wmmaa.org\/es\/wp-json\/wp\/v2\/categories?post=294212"},{"taxonomy":"post_tag","embeddable":true,"href":"https:\/\/wmmaa.org\/es\/wp-json\/wp\/v2\/tags?post=294212"}],"curies":[{"name":"wp","href":"https:\/\/api.w.org\/{rel}","templated":true}]}}