{"id":291379,"date":"2022-11-08T18:52:45","date_gmt":"2022-11-08T16:52:45","guid":{"rendered":"https:\/\/wmmaa.org\/conjunto-del-equipo-de-comentaristas-de-ufc-281-joe-rogan-regresa-a-la-cabina-para-israel-adesanya-vs-alex-pereira\/"},"modified":"2022-11-08T18:52:45","modified_gmt":"2022-11-08T16:52:45","slug":"conjunto-del-equipo-de-comentaristas-de-ufc-281-joe-rogan-regresa-a-la-cabina-para-israel-adesanya-vs-alex-pereira","status":"publish","type":"post","link":"https:\/\/wmmaa.org\/es\/conjunto-del-equipo-de-comentaristas-de-ufc-281-joe-rogan-regresa-a-la-cabina-para-israel-adesanya-vs-alex-pereira\/","title":{"rendered":"Conjunto del equipo de comentaristas de UFC 281: Joe Rogan regresa a la cabina para Israel Adesanya vs. Alex Pereira"},"content":{"rendered":"<p>Joe Rogan regresar\u00e1 a la cabina de comentaristas por primera vez desde septiembre para el evento UFC 281 de este s\u00e1bado. <\/p>\n<p>Varias personas con conocimiento de los planes de promoci\u00f3n confirmaron a MMA Fighting que Rogan narrar\u00e1 la acci\u00f3n del evento de este fin de semana en el Madison Square Garden con la voz principal de jugada por jugada Jon Anik y el ex campe\u00f3n de dos divisiones de UFC Daniel Cormier. La aparici\u00f3n televisiva m\u00e1s reciente de Rogan tuvo lugar en el ca\u00f3tico UFC 279 en septiembre, que termin\u00f3 siendo encabezado por la victoria por sumisi\u00f3n de Nate Diaz sobre Tony Ferguson. <\/p>\n<p>Megan Olivi una vez m\u00e1s ser\u00e1 la periodista itinerante de la cartelera. El evento principal ver\u00e1 a Israel Adesanya defender el t\u00edtulo de peso mediano contra Alex Pereira. <\/p>\n<p>Echa un vistazo a la alineaci\u00f3n completa de UFC 281 a continuaci\u00f3n. <\/p>\n<p><strong>Tarjeta principal (10 p. m. ET en ESPN+ PPV)<\/strong><\/p>\n<p>Israel Adesanya vs. Alex Pereira &#8211; pelea por el t\u00edtulo de peso mediano<\/p>\n<p>Carla Esparza vs. Zhang Weili &#8211; pelea por el t\u00edtulo de peso paja<\/p>\n<p>Dustin Poirier contra Michael Chandler<\/p>\n<p>Frankie Edgar contra Chris Guti\u00e9rrez<\/p>\n<p>Dan Hooker contra Claudio Puelles<\/p>\n<p><strong>Tarjeta preliminar (8 p. m. ET en ESPNEWS, ESPN+)<\/strong><\/p>\n<p>Brad Riddell contra Renato Moicano<\/p>\n<p>Dominick Reyes contra Ryan Spann<\/p>\n<p>Erin Blanchfield contra Molly McCann <\/p>\n<p>Wellington Turman contra Andr\u00e9 Petroski<\/p>\n<p><strong>Preliminares tempranos (6 p. m. ET en ESPN+, UFC Fight Pass)<\/strong><\/p>\n<p>Karolina Kowalkiewicz vs. Silvana G\u00f3mez Ju\u00e1rez<\/p>\n<p>Michael Trizano contra Seung Woo Choi<\/p>\n<p>Matt Frevola contra Ottman Azaitar<\/p>\n<p>Montel Jackson contra Julio Arce<\/p>\n<p>Carlos Ulberg contra Nicolae Negumereanu<\/p>\n<p>Fuente: https:\/\/www.mmafighting.com\/2022\/11\/8\/23447171\/ufc-281-commentary-team-set-joe-rogan-returns-to-the-booth-for-israel-adesanya-vs- alex-pereira?rand=96749<\/p>\n","protected":false},"excerpt":{"rendered":"<p>Joe Rogan regresar\u00e1 a la cabina de comentaristas por primera vez desde septiembre para el evento UFC 281 de este s\u00e1bado. Varias personas con conocimiento de los planes de promoci\u00f3n confirmaron a MMA Fighting que Rogan narrar\u00e1 la acci\u00f3n del evento de este fin de semana en el Madison Square Garden con la voz principal [&hellip;]<\/p>\n","protected":false},"author":1,"featured_media":291351,"comment_status":"","ping_status":"open","sticky":false,"template":"","format":"standard","meta":{"footnotes":""},"categories":[1171],"tags":[],"_links":{"self":[{"href":"https:\/\/wmmaa.org\/es\/wp-json\/wp\/v2\/posts\/291379"}],"collection":[{"href":"https:\/\/wmmaa.org\/es\/wp-json\/wp\/v2\/posts"}],"about":[{"href":"https:\/\/wmmaa.org\/es\/wp-json\/wp\/v2\/types\/post"}],"author":[{"embeddable":true,"href":"https:\/\/wmmaa.org\/es\/wp-json\/wp\/v2\/users\/1"}],"replies":[{"embeddable":true,"href":"https:\/\/wmmaa.org\/es\/wp-json\/wp\/v2\/comments?post=291379"}],"version-history":[{"count":0,"href":"https:\/\/wmmaa.org\/es\/wp-json\/wp\/v2\/posts\/291379\/revisions"}],"wp:featuredmedia":[{"embeddable":true,"href":"https:\/\/wmmaa.org\/es\/wp-json\/wp\/v2\/media\/291351"}],"wp:attachment":[{"href":"https:\/\/wmmaa.org\/es\/wp-json\/wp\/v2\/media?parent=291379"}],"wp:term":[{"taxonomy":"category","embeddable":true,"href":"https:\/\/wmmaa.org\/es\/wp-json\/wp\/v2\/categories?post=291379"},{"taxonomy":"post_tag","embeddable":true,"href":"https:\/\/wmmaa.org\/es\/wp-json\/wp\/v2\/tags?post=291379"}],"curies":[{"name":"wp","href":"https:\/\/api.w.org\/{rel}","templated":true}]}}