{"id":290583,"date":"2022-11-07T16:03:39","date_gmt":"2022-11-07T14:03:39","guid":{"rendered":"https:\/\/wmmaa.org\/the-mma-hour-con-israel-adesanya-dan-hooker-eugene-bareman-brad-riddell-y-carlos-ulberg-todos-en-el-estudio\/"},"modified":"2022-11-07T16:03:39","modified_gmt":"2022-11-07T14:03:39","slug":"the-mma-hour-con-israel-adesanya-dan-hooker-eugene-bareman-brad-riddell-y-carlos-ulberg-todos-en-el-estudio","status":"publish","type":"post","link":"https:\/\/wmmaa.org\/es\/the-mma-hour-con-israel-adesanya-dan-hooker-eugene-bareman-brad-riddell-y-carlos-ulberg-todos-en-el-estudio\/","title":{"rendered":"The MMA Hour con Israel Adesanya, Dan Hooker, Eugene Bareman, Brad Riddell y Carlos Ulberg, todos en el estudio"},"content":{"rendered":"<p>\u00a1La Hora de las Artes Marciales Mixtas est\u00e1 de vuelta en tu vida! A continuaci\u00f3n se muestra un resumen del programa del lunes, que comienza a la 1 p. m. ET \/ 10 a. m. PT \/ 6 p. m. hora del Reino Unido.<\/p>\n<p>1 p. m., hora del este: recordar\u00e9 el pasado fin de semana en los deportes de combate.<\/p>\n<p>1:15 p. m.: Eugene Bareman, entrenador principal y fundador de City Kickboxing, brindar\u00e1 una vista previa de las grandes peleas de su equipo en UFC 281.<\/p>\n<p>1:45 pm &#8211; Carlos Ulberg, quien tiene una racha de dos victorias consecutivas, hablar\u00e1 sobre su pr\u00f3xima pelea en UFC 281 contra Nicolae Negumereanu.<\/p>\n<p>2:15 pm: Brad Riddell reflexionar\u00e1 sobre su reciente racha de dos peleas y su gran pelea preliminar contra Renato Moicano en UFC 281.<\/p>\n<p>2:45 pm: Dan Hooker hablar\u00e1 sobre su gran pelea de peso ligero contra Claudio Puelles para dar inicio a la cartelera principal de UFC 281.<\/p>\n<p>3:15 pm: el campe\u00f3n de peso mediano de UFC, Israel Adesanya, reflexionar\u00e1 sobre su sexta defensa del t\u00edtulo contra su rival Alex Pereira en el evento principal de UFC 281.<\/p>\n<p>Para los \u00faltimos episodios de The MMA Hour, suscr\u00edbete en <a rel=\"nofollow noopener\" target=\"_blank\" href=\"https:\/\/open.spotify.com\/show\/0NUQhyUeYQcbtHOV10qmbb\">Spotify<\/a> o <a rel=\"nofollow noopener\" target=\"_blank\" href=\"https:\/\/podcasts.apple.com\/us\/podcast\/the-mma-hour-with-ariel-helwani\/id1573260189\">itunes<\/a>.<\/p>\n<p>Fuente: https:\/\/www.mmafighting.com\/2022\/11\/7\/23444158\/the-mma-hour-with-israel-adesanya-dan-hooker-eugene-bareman-brad-riddell-and-carlos-ulberg? rand=96749<\/p>\n","protected":false},"excerpt":{"rendered":"<p>\u00a1La Hora de las Artes Marciales Mixtas est\u00e1 de vuelta en tu vida! A continuaci\u00f3n se muestra un resumen del programa del lunes, que comienza a la 1 p. m. ET \/ 10 a. m. PT \/ 6 p. m. hora del Reino Unido. 1 p. m., hora del este: recordar\u00e9 el pasado fin de [&hellip;]<\/p>\n","protected":false},"author":1,"featured_media":290571,"comment_status":"","ping_status":"open","sticky":false,"template":"","format":"standard","meta":{"footnotes":""},"categories":[1171],"tags":[],"_links":{"self":[{"href":"https:\/\/wmmaa.org\/es\/wp-json\/wp\/v2\/posts\/290583"}],"collection":[{"href":"https:\/\/wmmaa.org\/es\/wp-json\/wp\/v2\/posts"}],"about":[{"href":"https:\/\/wmmaa.org\/es\/wp-json\/wp\/v2\/types\/post"}],"author":[{"embeddable":true,"href":"https:\/\/wmmaa.org\/es\/wp-json\/wp\/v2\/users\/1"}],"replies":[{"embeddable":true,"href":"https:\/\/wmmaa.org\/es\/wp-json\/wp\/v2\/comments?post=290583"}],"version-history":[{"count":0,"href":"https:\/\/wmmaa.org\/es\/wp-json\/wp\/v2\/posts\/290583\/revisions"}],"wp:featuredmedia":[{"embeddable":true,"href":"https:\/\/wmmaa.org\/es\/wp-json\/wp\/v2\/media\/290571"}],"wp:attachment":[{"href":"https:\/\/wmmaa.org\/es\/wp-json\/wp\/v2\/media?parent=290583"}],"wp:term":[{"taxonomy":"category","embeddable":true,"href":"https:\/\/wmmaa.org\/es\/wp-json\/wp\/v2\/categories?post=290583"},{"taxonomy":"post_tag","embeddable":true,"href":"https:\/\/wmmaa.org\/es\/wp-json\/wp\/v2\/tags?post=290583"}],"curies":[{"name":"wp","href":"https:\/\/api.w.org\/{rel}","templated":true}]}}