{"id":286961,"date":"2022-10-25T22:36:42","date_gmt":"2022-10-25T19:36:42","guid":{"rendered":"https:\/\/wmmaa.org\/jose-aldo-explica-por-que-ningun-oponente-lo-convenceria-de-retrasar-el-retiro-de-mma\/"},"modified":"2022-10-25T22:36:42","modified_gmt":"2022-10-25T19:36:42","slug":"jose-aldo-explica-por-que-ningun-oponente-lo-convenceria-de-retrasar-el-retiro-de-mma","status":"publish","type":"post","link":"https:\/\/wmmaa.org\/es\/jose-aldo-explica-por-que-ningun-oponente-lo-convenceria-de-retrasar-el-retiro-de-mma\/","title":{"rendered":"Jos\u00e9 Aldo explica por qu\u00e9 ning\u00fan oponente lo convencer\u00eda de retrasar el retiro de MMA"},"content":{"rendered":"<p>Jos\u00e9 Aldo est\u00e1 \u00abmuy feliz y satisfecho con todo lo que hice en MMA, especialmente en UFC\u00bb, y es por eso que colg\u00f3 los guantes luego de una derrota por decisi\u00f3n ante Merab Dvalishvili en agosto. <\/p>\n<p>El ex campe\u00f3n de peso pluma de UFC y WEC, uno de los mejores en competir en el deporte, dijo en un episodio reciente del podcast MMA Fighting <em>Troca\u00e7ao Franca<\/em> siempre se propuso jubilarse a los 35 a\u00f1os. <\/p>\n<p>\u00abEstaba en mi \u00faltima carrera por el t\u00edtulo\u00bb, dijo Aldo. Aldo dijo: \u00abTen\u00eda esperanzas, entrenaba duro, daba lo mejor de m\u00ed f\u00edsica y t\u00e9cnicamente y estaba decidido a ser campe\u00f3n. Pero el d\u00eda [I saw] que no fuera posible convertirme en campe\u00f3n significar\u00eda que tendr\u00eda que parar. Ya se esperaba de m\u00ed, &#8216;Dede&#8217; [Andre Pederneiras] y mi esposa Sab\u00eda que si no llegaba la victoria [against Dvalishvili], mi carrera terminar\u00eda. Y as\u00ed fue\u00bb.<\/p>\n<p>A Aldo le quedaba una pelea en su contrato con la UFC, pero el presidente de la compa\u00f1\u00eda, Dana White, accedi\u00f3 a darle permiso para competir en otros deportes, como el boxeo, si as\u00ed lo decide en el futuro. El brasile\u00f1o explic\u00f3 por qu\u00e9 rechaz\u00f3 una oferta para competir por \u00faltima vez dentro del oct\u00e1gono en UFC 283, que se llevar\u00e1 a cabo en R\u00edo de Janeiro, Brasil, el 21 de enero. <\/p>\n<p>\u00abTuvimos esta \u00faltima pelea [in the deal] y dijeron que hasta pod\u00edamos elegir un oponente m\u00e1s f\u00e1cil, dig\u00e1moslo as\u00ed, pero no. Para m\u00ed, ya estaba decidido\u201d, dijo. Dijo: \u201cEstoy triste porque no pudimos hacer esa despedida de R\u00edo. Pero no lo quer\u00eda\u00bb. Si tuviera que firmar el contrato, elegir\u00eda a la persona de m\u00e1s alto rango para irme y ver si puedo hacerlo de nuevo. Creo que todav\u00eda tengo la capacidad de tener \u00e9xito en lo m\u00e1s alto. niveles. Pero no. Es un d\u00eda triste para toda la gente, los medios y los fan\u00e1ticos. Todos pensaron en esta pelea en R\u00edo. Pero yo no. Ese era mi objetivo y no lo cambiar\u00e9. Ahora tengo un hijo, Aldo III, para que no se me pase por la cabeza la idea de pelear.\u201d<\/p>\n<div>\n<\/div>\n<p>Cuando se le pregunt\u00f3 si un oponente especial lo habr\u00eda convencido de lo contrario, Aldo explic\u00f3 que ya ten\u00eda una decisi\u00f3n sobre el retiro en 2020. <\/p>\n<p>\u00abPara m\u00ed, ya quer\u00eda parar [before] esta carrera final\u00bb, dijo Aldo. Despu\u00e9s del Petr [Yan] pelea en Abu Dhabi, Aldo dijo que quer\u00eda que terminara. Siempre dejaba pasar el tiempo y luego habl\u00e1bamos. Ten\u00eda una buena edad en ese momento, todav\u00eda pod\u00eda hacer otra cosa con mi vida adem\u00e1s de seguir luchando. Regresamos. Fue entonces cuando hice un cambio completo en mi vida. Empec\u00e9 a entrenar boxeo en la Marina. Eso me dio un empuj\u00f3n extra y me ayud\u00f3 a aprender cosas nuevas, as\u00ed como una dieta. Desde ese momento comenc\u00e9 a luchar por los dem\u00e1s en lugar de por m\u00ed mismo\u00bb.<\/p>\n<p>\u00abSoy muy competitivo y cada vez que entro siempre doy lo mejor de m\u00ed y quiero ganar, pero estaba [fighting] por los dem\u00e1s\u00bb, explic\u00f3. \u00abVen\u00eda con todo lo que ten\u00eda para convertirme en campe\u00f3n, pero por los dem\u00e1s, no por m\u00ed mismo. Sent\u00ed eso antes, llegar a ser campe\u00f3n al m\u00e1s alto nivel, pero sin nombre. [would have convinced me].\u00bb<\/p>\n<p>Dicho esto, Aldo no se arrepiente de haber retomado su carrera luego de perder ante Yan en Abu Dhabi. La estrella de Nova Uniao estaba en una racha de tres derrotas consecutivas en ese momento, y gan\u00f3 peleas consecutivas contra Marlon Vera, Pedro Munhoz y Rob Font antes de su \u00faltima pelea con Dvalishvili. <\/p>\n<p>\u00abNo me arrepiento de nada de eso\u00bb, afirm\u00f3 Aldo. \u00abSi lo hice, lo hice porque era lo correcto. No es algo de lo que me arrepienta. No hay otra alternativa que limpiar la leche derramada. Todos me volvieron a ver en la cima, no solo yo. Mi pasado combatiente [after the Yan loss] fue lo que la gente vio en m\u00ed y ten\u00edan raz\u00f3n. Gan\u00e9, hice grandes actuaciones y todo el mundo empez\u00f3 a hablar de m\u00ed. Fue incre\u00edble, una gran experiencia no solo para m\u00ed sino para mi equipo, &#8216;Dede&#8217;, mi familia y todos los que nos rodearon por estas \u00faltimas peleas que tuvimos\u00bb.<\/p>\n<p>Lo \u00fanico que lamenta con respecto a sus peleas finales es tener al \u00e1rbitro Jason Herzog como el tercer hombre en la jaula para su \u00faltima aparici\u00f3n en el oct\u00e1gono en UFC 278. <\/p>\n<p>\u00abPodr\u00eda esperar y observar la pelea por el t\u00edtulo y ser el pr\u00f3ximo en la fila\u00bb, declar\u00f3 Aldo. \u00abPero, no s\u00e9 cu\u00e1ndo [Aljamain] Sterling querr\u00e1 pelear. Podr\u00eda lastimarse, posponer la pelea o cancelarla. No era algo que deseaba hacer. Ten\u00eda prisa por pelear y estaba dispuesto a hacerlo. Eso es lo que hice cuando firm\u00e9 por primera vez para pelear en UFC y WEC. Era importante para m\u00ed que me mantuviera activo. La lucha tiene una ventana limitada, as\u00ed que necesitaba probarme a m\u00ed mismo. A pesar de [Dvalishvili] No era alguien con quien quer\u00eda pelear, era algo que ten\u00eda que hacer. <\/p>\n<p>\u00abEstoy muy decepcionado con esta \u00faltima actuaci\u00f3n\u00bb, continu\u00f3, \u00abpero, por otro lado, todos tienen esta imagen de m\u00ed como el campe\u00f3n, ganando mis peleas y d\u00e1ndolo todo all\u00ed, peleando con todos, ellos no que mucho de esa derrota en si pero de la pelea, que fue fea. [Dvalishvili] continuaron abraz\u00e1ndose, pero eso no fue culpa de Merab, tambi\u00e9n fue el [fault]. \u00e1rbitro. \u00c9l es horrible. Puedo decirte eso. Siempre es una pelea brutal, no importa cu\u00e1ntas veces lo arbitre. Lo mismo sucedi\u00f3 en Ketlen [Vieira\u2019s] pelea con Holly Holm. <\/p>\n<p>\u201cPasan diez segundos y el tipo solo te est\u00e1 tocando con la rodilla, sin hacer nada realmente, r\u00f3mpelas. Si tu condici\u00f3n no mejora, puedes separarlas y empezar de nuevo. Como fan\u00e1tico, quiero peleen una pelea, no gente abraz\u00e1ndose, [and a referee] defendiendo [that] estilo&#8230; El \u00e1rbitro tiene m\u00e1s culpa que Merab. Merab hizo lo que ten\u00eda que hacer, pero el \u00e1rbitro es el que lo dej\u00f3 pasar\u00bb.<\/p>\n","protected":false},"excerpt":{"rendered":"<p>Jos\u00e9 Aldo est\u00e1 \u00abmuy feliz y satisfecho con todo lo que hice en MMA, especialmente en UFC\u00bb, y es por eso que colg\u00f3 los guantes luego de una derrota por decisi\u00f3n ante Merab Dvalishvili en agosto. El ex campe\u00f3n de peso pluma de UFC y WEC, uno de los mejores en competir en el deporte, [&hellip;]<\/p>\n","protected":false},"author":1,"featured_media":286858,"comment_status":"","ping_status":"open","sticky":false,"template":"","format":"standard","meta":{"footnotes":""},"categories":[1171],"tags":[],"_links":{"self":[{"href":"https:\/\/wmmaa.org\/es\/wp-json\/wp\/v2\/posts\/286961"}],"collection":[{"href":"https:\/\/wmmaa.org\/es\/wp-json\/wp\/v2\/posts"}],"about":[{"href":"https:\/\/wmmaa.org\/es\/wp-json\/wp\/v2\/types\/post"}],"author":[{"embeddable":true,"href":"https:\/\/wmmaa.org\/es\/wp-json\/wp\/v2\/users\/1"}],"replies":[{"embeddable":true,"href":"https:\/\/wmmaa.org\/es\/wp-json\/wp\/v2\/comments?post=286961"}],"version-history":[{"count":0,"href":"https:\/\/wmmaa.org\/es\/wp-json\/wp\/v2\/posts\/286961\/revisions"}],"wp:featuredmedia":[{"embeddable":true,"href":"https:\/\/wmmaa.org\/es\/wp-json\/wp\/v2\/media\/286858"}],"wp:attachment":[{"href":"https:\/\/wmmaa.org\/es\/wp-json\/wp\/v2\/media?parent=286961"}],"wp:term":[{"taxonomy":"category","embeddable":true,"href":"https:\/\/wmmaa.org\/es\/wp-json\/wp\/v2\/categories?post=286961"},{"taxonomy":"post_tag","embeddable":true,"href":"https:\/\/wmmaa.org\/es\/wp-json\/wp\/v2\/tags?post=286961"}],"curies":[{"name":"wp","href":"https:\/\/api.w.org\/{rel}","templated":true}]}}