{"id":264980,"date":"2022-09-25T00:40:29","date_gmt":"2022-09-24T21:40:29","guid":{"rendered":"https:\/\/wmmaa.org\/chris-curtis-vs-joaquin-buckley-agregado-a-ufc-282\/"},"modified":"2022-09-25T00:40:29","modified_gmt":"2022-09-24T21:40:29","slug":"chris-curtis-vs-joaquin-buckley-agregado-a-ufc-282","status":"publish","type":"post","link":"https:\/\/wmmaa.org\/es\/chris-curtis-vs-joaquin-buckley-agregado-a-ufc-282\/","title":{"rendered":"Chris Curtis vs. Joaqu\u00edn Buckley agregado a UFC 282"},"content":{"rendered":"<p> Despu\u00e9s de algunas discusiones verbales, Chris Curtis finalmente resolver\u00e1 el asunto en el oct\u00e1gono de UFC 282. <\/p>\n<p> La compa\u00f1\u00eda de gesti\u00f3n de Curtis, Iridium Sports Agency, confirm\u00f3 que la pelea por el t\u00edtulo de peso mediano se llevar\u00e1 a cabo el 10 de diciembre, con m\u00faltiples fuentes confirmando la noticia. <\/p>\n<p>T-Mobile Arena, Las Vegas alberga el <\/p>\n<p>UFC 282. No se sabe cu\u00e1l ser\u00e1 el orden oficial de peleas para ESPN+ PPV. <\/p>\n<p>Buckley llam\u00f3 a Curtis en junio, <a rel=\"nofollow noopener\" target=\"_blank\" href=\"https:\/\/www.mmanews.com\/2022\/07\/chris-curtis-rips-buckley\/\">provocando una acalorada entrevista<\/a> donde Curtis acus\u00f3 a Buckley de ser una \u00abserpiente\u00bb en las instalaciones de Xtreme Couture donde ambos entrenaron en Las Vegas. <\/p>\n<p>\u00abLos entrenadores nos advirtieron que \u00e9l era una maldita serpiente\u00bb, dijo Curtis a MMA News. \u00abTratamos de ofrecerle una mano, es una maldita serpiente. Joaqu\u00edn Buckley ahora es una mierda. Mi objetivo es estar al lado de Joaqu\u00edn Buckley en cualquier encuesta. Cualquier clasificaci\u00f3n, en cualquier lugar. Joaqu\u00edn Buckley es no en mi radar\u00bb.<\/p>\n<p> as\u00ed que no me preocupo por \u00e9l.<\/p>\n<p>Curtis est\u00e1 tratando de recuperarse de la derrota a corto plazo contra Jack Hermansson. Despu\u00e9s de perder una decisi\u00f3n, Curtis casi se pelea con Jack Hermansson y luego fue duramente criticado por su comportamiento. M\u00e1s tarde se disculp\u00f3 por dejar que su temperamento sacara lo mejor de \u00e9l. <\/p>\n<p>Mientras tanto, Buckley espera recuperarse de una derrota por decisi\u00f3n ante Nassourdine Imavov en su salida anterior. <\/p>\n<p>UFC 282 estar\u00e1 encabezado por una revancha de peso semipesado entre el campe\u00f3n Jiri Prochazka y Glover Teixeira. <\/p>\n<p>\n","protected":false},"excerpt":{"rendered":"<p>Despu\u00e9s de algunas discusiones verbales, Chris Curtis finalmente resolver\u00e1 el asunto en el oct\u00e1gono de UFC 282. La compa\u00f1\u00eda de gesti\u00f3n de Curtis, Iridium Sports Agency, confirm\u00f3 que la pelea por el t\u00edtulo de peso mediano se llevar\u00e1 a cabo el 10 de diciembre, con m\u00faltiples fuentes confirmando la noticia. T-Mobile Arena, Las Vegas alberga [&hellip;]<\/p>\n","protected":false},"author":1,"featured_media":264971,"comment_status":"","ping_status":"open","sticky":false,"template":"","format":"standard","meta":{"footnotes":""},"categories":[1171],"tags":[],"_links":{"self":[{"href":"https:\/\/wmmaa.org\/es\/wp-json\/wp\/v2\/posts\/264980"}],"collection":[{"href":"https:\/\/wmmaa.org\/es\/wp-json\/wp\/v2\/posts"}],"about":[{"href":"https:\/\/wmmaa.org\/es\/wp-json\/wp\/v2\/types\/post"}],"author":[{"embeddable":true,"href":"https:\/\/wmmaa.org\/es\/wp-json\/wp\/v2\/users\/1"}],"replies":[{"embeddable":true,"href":"https:\/\/wmmaa.org\/es\/wp-json\/wp\/v2\/comments?post=264980"}],"version-history":[{"count":0,"href":"https:\/\/wmmaa.org\/es\/wp-json\/wp\/v2\/posts\/264980\/revisions"}],"wp:featuredmedia":[{"embeddable":true,"href":"https:\/\/wmmaa.org\/es\/wp-json\/wp\/v2\/media\/264971"}],"wp:attachment":[{"href":"https:\/\/wmmaa.org\/es\/wp-json\/wp\/v2\/media?parent=264980"}],"wp:term":[{"taxonomy":"category","embeddable":true,"href":"https:\/\/wmmaa.org\/es\/wp-json\/wp\/v2\/categories?post=264980"},{"taxonomy":"post_tag","embeddable":true,"href":"https:\/\/wmmaa.org\/es\/wp-json\/wp\/v2\/tags?post=264980"}],"curies":[{"name":"wp","href":"https:\/\/api.w.org\/{rel}","templated":true}]}}