{"id":257636,"date":"2022-09-14T19:10:48","date_gmt":"2022-09-14T16:10:48","guid":{"rendered":"https:\/\/wmmaa.org\/andre-pederneiras-aconseja-a-jose-aldo-que-se-retire-pero-espera-que-el-ex-campeon-termine-contrato-en-ufc-283\/"},"modified":"2022-09-14T19:10:48","modified_gmt":"2022-09-14T16:10:48","slug":"andre-pederneiras-aconseja-a-jose-aldo-que-se-retire-pero-espera-que-el-ex-campeon-termine-contrato-en-ufc-283","status":"publish","type":"post","link":"https:\/\/wmmaa.org\/es\/andre-pederneiras-aconseja-a-jose-aldo-que-se-retire-pero-espera-que-el-ex-campeon-termine-contrato-en-ufc-283\/","title":{"rendered":"Andre Pederneiras aconseja a Jos\u00e9 Aldo que se retire, pero espera que el ex campe\u00f3n termine contrato en UFC 283"},"content":{"rendered":"<p>Es probable que Jos\u00e9 Aldo ingrese al oct\u00e1gono por \u00faltima vez el 21 de enero para competir en UFC 283 en R\u00edo de Janeiro, Brasil, dijo su manager y entrenador Andre Pederneiras. <a rel=\"nofollow noopener\" target=\"_blank\" href=\"https:\/\/ge.globo.com\/combate\/noticia\/2022\/09\/14\/ufc-dede-sugere-aposentadoria-a-aldo-mas-ainda-ve-chance-de-titulo.ghtml\">combate<\/a>.<\/p>\n<p>Pederneiras confirm\u00f3 que al ex dos veces campe\u00f3n de peso pluma de UFC solo le queda una pelea en su contrato con la promoci\u00f3n y ve la pr\u00f3xima cartelera en R\u00edo de Janeiro como una gran oportunidad para \u201ccerrar\u201d su carrera luego de perder por decisi\u00f3n ante Merab Dvalishvili en agosto. .<\/p>\n<p>Pederneiras admite, sin embargo, que le aconsej\u00f3 a Aldo \u00abque se retirara hace mucho tiempo\u00bb, m\u00e1s espec\u00edficamente en torno a la victoria por el t\u00edtulo interino sobre Frankie Edgar en UFC 200, cuando la compa\u00f1\u00eda no reservar\u00eda una revancha con Conor McGregor.<\/p>\n<p>\u201cNo lo necesitaba desde esa pelea, mucho menos ahora\u201d, dijo Pederneiras. \u201cLe dir\u00eda que se detuviera. creo que aldo ya conquisto mucho y no sera esta ultima pelea [against Dvalishvili] eso le quitar\u00e1 su legado en el deporte\u201d.<\/p>\n<p>Pederneiras dijo que discutir\u00e1 con Aldo sus planes para el futuro y se reunir\u00e1 con el UFC el 24 de septiembre en Las Vegas para entender qu\u00e9 ha planeado la compa\u00f1\u00eda para el brasile\u00f1o. El l\u00edder de Nova Uni\u00e3o dijo que le gusta la idea de enfrentar a Dominick Cruz a continuaci\u00f3n, pero no cree que la leyenda de UFC y WEC acepte pelear en Brasil.<\/p>\n<p>Aunque cree que Aldo deber\u00eda retirarse ahora mismo, Pederneiras est\u00e1 de acuerdo en que irse sin completar su trato lo dejar\u00eda \u201catrapado\u201d en un contrato e incapaz de volver a competir en otros deportes si as\u00ed lo decide en el futuro, como el boxeo profesional y el muay. Tailand\u00e9s.<\/p>\n<p>\u201cHe visto a muchos retirarse y quieren pelear a\u00f1os despu\u00e9s\u201d, dijo Pederneiras. \u201cLa mayor\u00eda de ellos son as\u00ed. Tales [Leites] dej\u00f3 el UFC, pele\u00f3 su \u00faltima pelea contra H\u00e9ctor Lombard, [and said] &#8216;hermano, ya no quiero esta mierda&#8217;. Han pasado dos, tres a\u00f1os, y ahora me est\u00e1 llamando para conseguirle una pelea. Lo he visto toda mi vida. Y suceder\u00e1 con \u00e9l\u201d.<\/p>\n","protected":false},"excerpt":{"rendered":"<p>Es probable que Jos\u00e9 Aldo ingrese al oct\u00e1gono por \u00faltima vez el 21 de enero para competir en UFC 283 en R\u00edo de Janeiro, Brasil, dijo su manager y entrenador Andre Pederneiras. combate. Pederneiras confirm\u00f3 que al ex dos veces campe\u00f3n de peso pluma de UFC solo le queda una pelea en su contrato con [&hellip;]<\/p>\n","protected":false},"author":1,"featured_media":257623,"comment_status":"","ping_status":"open","sticky":false,"template":"","format":"standard","meta":{"footnotes":""},"categories":[1171],"tags":[],"_links":{"self":[{"href":"https:\/\/wmmaa.org\/es\/wp-json\/wp\/v2\/posts\/257636"}],"collection":[{"href":"https:\/\/wmmaa.org\/es\/wp-json\/wp\/v2\/posts"}],"about":[{"href":"https:\/\/wmmaa.org\/es\/wp-json\/wp\/v2\/types\/post"}],"author":[{"embeddable":true,"href":"https:\/\/wmmaa.org\/es\/wp-json\/wp\/v2\/users\/1"}],"replies":[{"embeddable":true,"href":"https:\/\/wmmaa.org\/es\/wp-json\/wp\/v2\/comments?post=257636"}],"version-history":[{"count":0,"href":"https:\/\/wmmaa.org\/es\/wp-json\/wp\/v2\/posts\/257636\/revisions"}],"wp:featuredmedia":[{"embeddable":true,"href":"https:\/\/wmmaa.org\/es\/wp-json\/wp\/v2\/media\/257623"}],"wp:attachment":[{"href":"https:\/\/wmmaa.org\/es\/wp-json\/wp\/v2\/media?parent=257636"}],"wp:term":[{"taxonomy":"category","embeddable":true,"href":"https:\/\/wmmaa.org\/es\/wp-json\/wp\/v2\/categories?post=257636"},{"taxonomy":"post_tag","embeddable":true,"href":"https:\/\/wmmaa.org\/es\/wp-json\/wp\/v2\/tags?post=257636"}],"curies":[{"name":"wp","href":"https:\/\/api.w.org\/{rel}","templated":true}]}}