{"id":256428,"date":"2022-09-13T01:10:45","date_gmt":"2022-09-12T22:10:45","guid":{"rendered":"https:\/\/wmmaa.org\/el-entrenador-de-khamzat-chimaev-detalla-problemas-de-peso-poco-profesionales-derriba-la-teoria-de-la-conspiracion-de-ufc-279\/"},"modified":"2022-09-13T01:10:45","modified_gmt":"2022-09-12T22:10:45","slug":"el-entrenador-de-khamzat-chimaev-detalla-problemas-de-peso-poco-profesionales-derriba-la-teoria-de-la-conspiracion-de-ufc-279","status":"publish","type":"post","link":"https:\/\/wmmaa.org\/es\/el-entrenador-de-khamzat-chimaev-detalla-problemas-de-peso-poco-profesionales-derriba-la-teoria-de-la-conspiracion-de-ufc-279\/","title":{"rendered":"El entrenador de Khamzat Chimaev detalla problemas de peso &#8216;poco profesionales&#8217;, derriba la &#8216;teor\u00eda de la conspiraci\u00f3n&#8217; de UFC 279"},"content":{"rendered":"<p>Los problemas de peso de Khamzat Chimaev comenzaron mucho antes de su dram\u00e1tico error en el pesaje antes de UFC 279. <\/p>\n<p>El evento pay-per-view del s\u00e1bado pasado en Las Vegas vio uno de los cambios de alineaci\u00f3n m\u00e1s ca\u00f3ticos en la historia de UFC despu\u00e9s de que Chimaev perdi\u00f3 el peso por m\u00e1s de siete libras para una pelea programada en el evento principal de peso welter contra Nate Diaz. Los oficiales pudieron salvar la cartelera al reorganizar a los seis peleadores en los tres mejores combates, y Chimaev termin\u00f3 en el evento coestelar contra Kevin Holland. <\/p>\n<p>Chimaev anot\u00f3 una dominante victoria por sumisi\u00f3n en la primera ronda sobre Holanda, pero ahora se enfrenta a la pregunta de si podr\u00e1 alcanzar el l\u00edmite de peso de 170 libras (donde actualmente es el n\u00famero 3 en peso welter en el Ranking mundial de lucha de MMA). delantero. Andreas Michael, su entrenador apareci\u00f3 en <\/em> el lunes para hablar de la situaci\u00f3n y corregir los errores cometidos durante el campo de entrenamiento. <\/p>\n<p>\u00abToda su carrera, ha estado peleando en el peso welter\u00bb, dijo Michael. \u00abHa perdido peso esta vez, pero no es como si hubiera estado perdiendo peso todo el tiempo. Por supuesto, le ha costado mucho llegar al peso, pero siempre lo ha hecho. Vamos a simplificarlo peleando en el peso mediano en algunas peleas Pero tambi\u00e9n estamos abiertos a pelear en el peso welter. <\/p>\n<p>\u00abNo vamos a perder nuestra clasificaci\u00f3n all\u00ed, con suerte, porque estamos muy cerca de una pelea por el t\u00edtulo all\u00ed. Una vez que tomemos el cintur\u00f3n all\u00ed, vamos a buscar la divisi\u00f3n de peso mediano con todo nuestro coraz\u00f3n. Algunas peleas se llevar\u00e1n a cabo en peso mediano. Otros, en peso mediano. Estas son peleas que valen la pena. Pero eso depende de UFC, por supuesto, eso no depende de nosotros \u00ab.<\/p>\n<p>Michael declar\u00f3 que el momento de la pelea programada de D\u00edaz jug\u00f3 un papel importante en las dificultades de Chimaev con el peso. <\/p>\n<p>\u00abEmpezamos este campamento fuertemente\u00bb, dijo Michael. Ese es tambi\u00e9n el problema. Recibimos una oferta para pelear contra Nate Diaz, y fue antes de esto en agosto. Era demasiado pronto porque era pesado. Luego lo adelantaron 10 d\u00edas, y creo que empezamos demasiado pesado este campamento. Deber\u00edamos haber tenido un poco m\u00e1s de disciplina y haber mantenido nuestro peso a un nivel razonable, a un peso razonable cercano al que est\u00e1 entrenando y entrando al campamento. Eso es todo. <\/p>\n<p>\u00abHay muchas razones, excusas y todo lo dem\u00e1s. Al final del d\u00eda, no estoy criticando a Khamzat, es un luchador magn\u00edfico y lo amo hasta la muerte, pero lo que estoy diciendo es que fue absolutamente poco profesional de nuestra parte no hacer peso. Absolutamente, cualquiera que no pierda peso es poco profesional. Quiero [apologize] al campamento de Nate por eso. Los dos deber\u00edamos haber subido de peso y no hay raz\u00f3n\u00bb.<\/p>\n<p>.<\/p>\n<p>Chimaev compite en peso mediano y welter en UFC. Anteriormente, no hab\u00eda superado el l\u00edmite en ninguna de estas divisiones, sin embargo, Michael declar\u00f3 que el luchador estaba f\u00edsicamente enfermo la noche anterior al pesaje oficial. <\/p>\n<p>\u00abTen\u00eda espasmos musculares y estaba temblando\u00bb, dijo Michael. \u00abV\u00f3mitos. Cuando se puso de pie se estaba desmayando. Estaba preocupada por \u00e9l\u00bb.<\/p>\n<div>\n<blockquote class=\"instagram-media\" data-instgrm-captioned=\"\" data-instgrm-permalink=\"https:\/\/www.instagram.com\/p\/CiayoF0pG6e\/?utm_source=ig_embed&amp;utm_campaign=loading\" data-instgrm-version=\"14\" style=\"background:#FFF;border:0;border-radius:3px;margin: 1px;max-width:658px;min-width:326px;padding:0;width:99.375%;width:-webkit-calc(100% - 2px);width:calc(100% - 2px)\">\n<div style=\"padding:16px\"> <a rel=\"nofollow noopener\" target=\"_blank\" href=\"https:\/\/www.instagram.com\/p\/CiayoF0pG6e\/?utm_source=ig_embed&amp;utm_campaign=loading\" style=\"background:#FFFFFF;line-height:0;padding:0 0;text-align:center;text-decoration:none;width:100%\"> <\/p>\n<div style=\"flex-direction: row;align-items: center\">\n<div style=\"background-color: #F4F4F4;border-radius: 50%;flex-grow: 0;height: 40px;margin-right: 14px;width: 40px\"><\/div>\n<div style=\"flex-direction: column;flex-grow: 1;justify-content: center\">\n<div style=\"background-color: #F4F4F4;border-radius: 4px;flex-grow: 0;height: 14px;margin-bottom: 6px;width: 100px\"><\/div>\n<div style=\"background-color: #F4F4F4;border-radius: 4px;flex-grow: 0;height: 14px;width: 60px\"><\/div>\n<\/div>\n<\/div>\n<div style=\"padding: 19% 0\"><\/div>\n<div style=\"height:50px;margin:0 auto 12px;width:50px\"><\/div>\n<div style=\"padding-top: 8px\">\n<div style=\"color:#3897f0;font-family:Arial,sans-serif;font-size:14px;font-style:normal;font-weight:550;line-height:18px\">Ver esta publicaci\u00f3n en Instagram<\/div>\n<\/div>\n<div style=\"padding: 12.5% 0\"><\/div>\n<div style=\"flex-direction: row;margin-bottom: 14px;align-items: center\">\n<div>\n<div style=\"background-color: #F4F4F4;border-radius: 50%;height: 12.5px;width: 12.5px\"><\/div>\n<div style=\"background-color: #F4F4F4;height: 12.5px;width: 12.5px;flex-grow: 0;margin-right: 14px;margin-left: 2px\"><\/div>\n<div style=\"background-color: #F4F4F4;border-radius: 50%;height: 12.5px;width: 12.5px\"><\/div>\n<\/div>\n<div style=\"margin-left: 8px\">\n<div style=\"background-color: #F4F4F4;border-radius: 50%;flex-grow: 0;height: 20px;width: 20px\"><\/div>\n<div style=\"width: 0;height: 0;border-top: 2px solid transparent;border-left: 6px solid #f4f4f4;border-bottom: 2px solid transparent\"><\/div>\n<\/div>\n<div style=\"margin-left: auto\">\n<div style=\"width: 0px;border-top: 8px solid #F4F4F4;border-right: 8px solid transparent\"><\/div>\n<div style=\"background-color: #F4F4F4;flex-grow: 0;height: 12px;width: 16px\"><\/div>\n<div style=\"width: 0;height: 0;border-top: 8px solid #F4F4F4;border-left: 8px solid transparent\"><\/div>\n<\/div>\n<\/div>\n<div style=\"flex-direction: column;flex-grow: 1;justify-content: center;margin-bottom: 24px\">\n<div style=\"background-color: #F4F4F4;border-radius: 4px;flex-grow: 0;height: 14px;margin-bottom: 6px;width: 224px\"><\/div>\n<div style=\"background-color: #F4F4F4;border-radius: 4px;flex-grow: 0;height: 14px;width: 144px\"><\/div>\n<\/div>\n<p><\/a><\/p>\n<p style=\"color:#c9c8cd;font-family:Arial,sans-serif;font-size:14px;line-height:17px;margin-bottom:0;margin-top:8px;overflow:hidden;padding:8px 0 7px;text-align:center\"><a rel=\"nofollow noopener\" target=\"_blank\" href=\"https:\/\/www.instagram.com\/p\/CiayoF0pG6e\/?utm_source=ig_embed&amp;utm_campaign=loading\" style=\"color:#c9c8cd;font-family:Arial,sans-serif;font-size:14px;font-style:normal;font-weight:normal;line-height:17px;text-decoration:none\">Una publicaci\u00f3n compartida por MMAFighting.com (@mmafighting)<\/a><\/p>\n<\/div>\n<\/blockquote>\n<\/div>\n<p>\u00abDesde que le diagnosticaron coronavirus y otros problemas de salud, ha sido una lucha para \u00e9l perder peso. Michael agreg\u00f3 que. \u00abDesde ese problema, su cuerpo ha estado un poco apagado cuando se trata de empujarlo. hasta la \u00faltima gota. Pero solo estoy especulando. Como mencion\u00e9, no soy m\u00e9dico. Tampoco pretendo ser uno\u00bb.<\/p>\n<p>.<\/p>\n<p>Chimaev perdi\u00f3 el peso por mucho en los pesajes de la ma\u00f1ana, y lo que sigui\u00f3 fue un per\u00edodo ca\u00f3tico de 12 horas en el que no estaba claro si permanecer\u00eda en la cartelera. El presidente de UFC, Dana White, le dijo a ESPN m\u00e1s tarde que Chimaev hab\u00eda estado \u00abencerrado\u00bb y estaba tratando de perder peso. Tambi\u00e9n dijo que los m\u00e9dicos no le permitir\u00edan continuar con el programa. <\/p>\n<p>Michael aclar\u00f3 que fue su decisi\u00f3n detener el corte de peso despu\u00e9s de consultar con los m\u00e9dicos. Tambi\u00e9n dej\u00f3 en claro que la falla de Chimaev no tuvo nada que ver con ning\u00fan gran plan por parte de su equipo o de UFC. <\/p>\n<p>\u00bb Dije [Chimaev], \u00abA la mierda con esto. Tu salud es lo primero\u00bb, respondi\u00f3 Michael. Llamamos al m\u00e9dico por eso. Est\u00e1bamos pensando, &#8216;Olv\u00eddate de la pelea. \u00bf\u00c9l est\u00e1 bien?&#8217; Bajar de peso es muy peligroso para el cuerpo si presionas demasiado, y solo quer\u00eda que estuviera bien. \u00abEst\u00e1 bien, esto podr\u00eda significar que estoy poniendo en riesgo mi salud. Quer\u00eda que se sintiera bien\u00bb.<\/p>\n<p>\u00abQuiero se\u00f1alar esto porque hay muchas historias diferentes. Cada vez que doy una entrevista, la gente toma peque\u00f1as cosas, las manipula e inventa cosas equivocadas. Esto es exactamente lo que sucedi\u00f3: no estoy manipulando\u00bb. &#8212; no hay teor\u00eda de la conspiraci\u00f3n. Nos encantar\u00eda ver a Nate Diaz pelear por el legado. S\u00ed. Estamos locos por no querer pelear esa pelea. No es probable que esto se repita. Fue una oportunidad perdida. Todo el mundo lo dice. no te dar\u00eda nada. Pero, sabemos que lo har\u00eda. Esa pelea es que est\u00e1s peleando contra un gran nombre, un tipo popular, y est\u00e1s construyendo tu marca. Esa era la pelea que quer\u00edamos, y eso es lo que entrenamos y sufrimos y pasamos por un infierno para esa pelea. \u00bfEst\u00e1s bromeando? Kevin Holland ser\u00e1 un oponente dif\u00edcil para Nate Diaz. Nate Diaz es un luchador, y lo respeto. Soy un fan\u00e1tico, creo que tiene el coraz\u00f3n de un le\u00f3n. Viene y lo trae. No lo tomamos a la ligera y sabemos que ganar\u00e1. Pero, \u00bfqu\u00e9 pasar\u00eda si Kha mzat lo enfrent\u00f3?\u00bb<\/p>\n<p>?<\/p>\n<p>Si bien Chimaev tuvo la suerte de que ya hab\u00eda una pelea de peso pactado de 180 libras programada entre Holland y Daniel Rodr\u00edguez en la cartelera, un escenario que le proporcion\u00f3 a Chimaev un oponente de reemplazo razonable, Michael insiste en que el objetivo siempre fue pelear contra D\u00edaz hasta que estuvo claro. eso no ser\u00eda posible. <\/p>\n<p>El entrenador agreg\u00f3 que Chimaev lleg\u00f3 a decirle que pelear\u00eda con D\u00edaz gratis. <\/p>\n<p>\u00abEstaba decidido a vencer a Nate\u00bb, dijo Michael. \u00abLe dije: &#8216;El m\u00e9dico te dijo que no puedes continuar y voy a detener el corte de peso. Se va a detener porque no puedo estar en desacuerdo con las instrucciones del m\u00e9dico. Piensa si algo sucedi\u00f3. nunca me perdono a m\u00ed mismo As\u00ed que lo que le dije fue que es mejor que te prepares que no vas a tener una pelea. <\/p>\n<p>\u00c9l dice: \u00ab\u00a1Escucha! Diles que te dar\u00e9 mi bolso\u00bb. Voy a darle mi bolso a Nate. Me gustar\u00eda pelear. Nate, por favor entiende que lo siento. Quiero pelear. Entren\u00e9 duro para esto, no No quiero que la pelea desaparezca. Lo siento por Nate, ha bajado de peso y ha hecho todo lo que ha podido, yo solo&#8230; mi cuerpo no puede con esto. Es f\u00e1cil pelear para m\u00ed; es un entrenamiento muy simple. Lo m\u00e1s dif\u00edcil Lo importante para m\u00ed es cuando mi cuerpo se apaga cuando estoy tomando el peso. Quiero que valga la pena y le voy a dar todo mi bolso'\u00bb.<\/p>\n<p>Es poco probable que ocurra una pelea con Diaz ahora que Diaz pelea por su contrato despu\u00e9s de derrotar a Tony Ferguson por sumisi\u00f3n en el evento principal de UFC 279. Pero el equipo de Chimaev sigue buscando grandes peleas y oportunidades de campeonato, ya sea en las 170 o las 185 libras. <\/p>\n<p>Si depende de Michael, Chimaev pasar\u00e1 al peso welter para competir por el t\u00edtulo de esa divisi\u00f3n. <\/p>\n<p>\u00abEscoger\u00eda 170\u00bb, dijo Michael cuando se le pregunt\u00f3 en qu\u00e9 categor\u00eda de peso buscar\u00e1 un t\u00edtulo Chimaev. \u00abTe dir\u00e9 por qu\u00e9: por respeto al trabajo que hemos hecho. Hemos subido de rango y estamos ahora clasificado all\u00ed No fue algo que se nos dio.<\/p>\n","protected":false},"excerpt":{"rendered":"<p>Los problemas de peso de Khamzat Chimaev comenzaron mucho antes de su dram\u00e1tico error en el pesaje antes de UFC 279. El evento pay-per-view del s\u00e1bado pasado en Las Vegas vio uno de los cambios de alineaci\u00f3n m\u00e1s ca\u00f3ticos en la historia de UFC despu\u00e9s de que Chimaev perdi\u00f3 el peso por m\u00e1s de siete [&hellip;]<\/p>\n","protected":false},"author":1,"featured_media":256418,"comment_status":"","ping_status":"open","sticky":false,"template":"","format":"standard","meta":{"footnotes":""},"categories":[1171],"tags":[],"_links":{"self":[{"href":"https:\/\/wmmaa.org\/es\/wp-json\/wp\/v2\/posts\/256428"}],"collection":[{"href":"https:\/\/wmmaa.org\/es\/wp-json\/wp\/v2\/posts"}],"about":[{"href":"https:\/\/wmmaa.org\/es\/wp-json\/wp\/v2\/types\/post"}],"author":[{"embeddable":true,"href":"https:\/\/wmmaa.org\/es\/wp-json\/wp\/v2\/users\/1"}],"replies":[{"embeddable":true,"href":"https:\/\/wmmaa.org\/es\/wp-json\/wp\/v2\/comments?post=256428"}],"version-history":[{"count":0,"href":"https:\/\/wmmaa.org\/es\/wp-json\/wp\/v2\/posts\/256428\/revisions"}],"wp:featuredmedia":[{"embeddable":true,"href":"https:\/\/wmmaa.org\/es\/wp-json\/wp\/v2\/media\/256418"}],"wp:attachment":[{"href":"https:\/\/wmmaa.org\/es\/wp-json\/wp\/v2\/media?parent=256428"}],"wp:term":[{"taxonomy":"category","embeddable":true,"href":"https:\/\/wmmaa.org\/es\/wp-json\/wp\/v2\/categories?post=256428"},{"taxonomy":"post_tag","embeddable":true,"href":"https:\/\/wmmaa.org\/es\/wp-json\/wp\/v2\/tags?post=256428"}],"curies":[{"name":"wp","href":"https:\/\/api.w.org\/{rel}","templated":true}]}}