{"id":254589,"date":"2022-09-10T22:21:39","date_gmt":"2022-09-10T19:21:39","guid":{"rendered":"https:\/\/wmmaa.org\/jailton-almeida-planea-someter-a-anton-turkalj-shamil-abdurakhmov-peleara-en-ufc-283\/"},"modified":"2022-09-10T22:21:39","modified_gmt":"2022-09-10T19:21:39","slug":"jailton-almeida-planea-someter-a-anton-turkalj-shamil-abdurakhmov-peleara-en-ufc-283","status":"publish","type":"post","link":"https:\/\/wmmaa.org\/es\/jailton-almeida-planea-someter-a-anton-turkalj-shamil-abdurakhmov-peleara-en-ufc-283\/","title":{"rendered":"Jailton Almeida planea someter a Anton Turkalj. Shamil Abdurakhmov pelear\u00e1 en UFC 283"},"content":{"rendered":"<p>Los pr\u00f3ximos pasos de Jailton Almeida en el UFC est\u00e1n meticulosamente planeados. <\/p>\n<p>El talento brasile\u00f1o ingresa al oct\u00e1gono el s\u00e1bado por la noche en Las Vegas para enfrentar al reemplazo de corto aviso Anton Turkalj en un peso pactado de 220 libras en UFC 279, y ya le pidi\u00f3 al emparejador de la compa\u00f1\u00eda Mick Maynard que organice su pr\u00f3xima pelea en R\u00edo de Janeiro contra su oponente original Shamil. Abdurakhimov. UFC 283 est\u00e1 programado para el 21 de enero en el Jeunesse Arena de R\u00edo. <\/p>\n<p>\u00abNos vamos a quedar en el peso pesado en el futuro\u00bb, dijo Almeida en el episodio de esta semana de <em>Troca\u00e7ao Franca<\/em>, descartando un regreso a las 205 libras en el corto plazo. \u00abQuiero pelear en R\u00edo de Janeiro contra Shamil. Espero que se solucione la situaci\u00f3n de su visa y podamos pelear en casa y alegrar al pueblo brasile\u00f1o\u00bb.<\/p>\n<p>Almeida se uni\u00f3 a UFC en 2021 despu\u00e9s de noquear a Nasrudin Nasrudinov en <em>dana blanca<\/em><em>Serie Contender de<\/em> e hizo un breve trabajo con el veterano de peso semipesado Danilo Marques meses despu\u00e9s. Malhadinho, quien inmediatamente fue ascendido a peso completo luego de derrotar a Nasrudin Nasrudinov en <em>dana blanca<\/em>Serie Contender de<\/em>barri\u00f3 a Parker Porter en una ronda y prepar\u00f3 la pelea de Abdurakhimov. <\/p>\n<p> Con su compa\u00f1ero veterano de DWCS Turkalj, Almeida tuvo que ajustar algunas cosas durante el entrenamiento para UFC 279. <\/p>\n<p>\u00abAnt\u00f3n tiene un estilo similar al m\u00edo pero deja demasiados huecos en sus posiciones\u00bb, afirm\u00f3 Almeida. \u00ab\u00c9l no busca presentaciones en absoluto, solo quiere quedarse all\u00ed y ganar algo de tiempo, pero deja vacantes de las que habr\u00eda podido escapar. Estamos listos para ir all\u00ed y hacer el trabajo. Le gusta estar en el suelo, as\u00ed que sugiero [I\u2019ll win] sumisi\u00f3n usando un estrangulador de tri\u00e1ngulo de brazo\u00bb.<\/p>\n<p>A pesar de que el brasile\u00f1o pas\u00f3 de enfrentarse a un peso pesado clasificado entre los 14 primeros a dar la bienvenida a un reci\u00e9n llegado promocional, Almeida no siente que tenga nada que ganar el s\u00e1bado. De hecho, \u00abMalhadinho\u00bb siente que toda la presi\u00f3n cae sobre Turkalj. <\/p>\n<p>\u00abEst\u00e1bamos planeando llegar a UFC [283 in] Rio ya clasific\u00f3 pero eso [change] sucedi\u00f3 \u00ab, dijo. \u00c9l dijo:\u00bb La responsabilidad es m\u00eda porque ya estoy en UFC [283 in] Rio se clasific\u00f3, pero eso no sucedi\u00f3\u00bb. Pero agreg\u00f3: \u00abTodav\u00eda estoy haciendo todo lo posible por la victoria, pase lo que pase\u00bb. Aunque soy un luchador experimentado en UFC, todav\u00eda quiero ganar\u00bb.<\/p>\n<div><\/div>\n","protected":false},"excerpt":{"rendered":"<p>Los pr\u00f3ximos pasos de Jailton Almeida en el UFC est\u00e1n meticulosamente planeados. El talento brasile\u00f1o ingresa al oct\u00e1gono el s\u00e1bado por la noche en Las Vegas para enfrentar al reemplazo de corto aviso Anton Turkalj en un peso pactado de 220 libras en UFC 279, y ya le pidi\u00f3 al emparejador de la compa\u00f1\u00eda Mick [&hellip;]<\/p>\n","protected":false},"author":1,"featured_media":254559,"comment_status":"","ping_status":"open","sticky":false,"template":"","format":"standard","meta":{"footnotes":""},"categories":[1171],"tags":[],"_links":{"self":[{"href":"https:\/\/wmmaa.org\/es\/wp-json\/wp\/v2\/posts\/254589"}],"collection":[{"href":"https:\/\/wmmaa.org\/es\/wp-json\/wp\/v2\/posts"}],"about":[{"href":"https:\/\/wmmaa.org\/es\/wp-json\/wp\/v2\/types\/post"}],"author":[{"embeddable":true,"href":"https:\/\/wmmaa.org\/es\/wp-json\/wp\/v2\/users\/1"}],"replies":[{"embeddable":true,"href":"https:\/\/wmmaa.org\/es\/wp-json\/wp\/v2\/comments?post=254589"}],"version-history":[{"count":0,"href":"https:\/\/wmmaa.org\/es\/wp-json\/wp\/v2\/posts\/254589\/revisions"}],"wp:featuredmedia":[{"embeddable":true,"href":"https:\/\/wmmaa.org\/es\/wp-json\/wp\/v2\/media\/254559"}],"wp:attachment":[{"href":"https:\/\/wmmaa.org\/es\/wp-json\/wp\/v2\/media?parent=254589"}],"wp:term":[{"taxonomy":"category","embeddable":true,"href":"https:\/\/wmmaa.org\/es\/wp-json\/wp\/v2\/categories?post=254589"},{"taxonomy":"post_tag","embeddable":true,"href":"https:\/\/wmmaa.org\/es\/wp-json\/wp\/v2\/tags?post=254589"}],"curies":[{"name":"wp","href":"https:\/\/api.w.org\/{rel}","templated":true}]}}