{"id":253553,"date":"2022-09-09T15:15:41","date_gmt":"2022-09-09T12:15:41","guid":{"rendered":"https:\/\/wmmaa.org\/informe-matutino-darren-till-explica-su-version-del-drama-de-prensa-de-ufc-279-era-simplemente-normal\/"},"modified":"2022-09-09T15:15:41","modified_gmt":"2022-09-09T12:15:41","slug":"informe-matutino-darren-till-explica-su-version-del-drama-de-prensa-de-ufc-279-era-simplemente-normal","status":"publish","type":"post","link":"https:\/\/wmmaa.org\/es\/informe-matutino-darren-till-explica-su-version-del-drama-de-prensa-de-ufc-279-era-simplemente-normal\/","title":{"rendered":"Informe matutino: Darren Till explica su versi\u00f3n del drama de prensa de UFC 279: \u00abEra simplemente normal\u00bb"},"content":{"rendered":"<p>Donde va un \u00abSmesh Bro\u00bb, el otro lo sigue. <\/p>\n<p>La semana de la pelea de UFC 279 ha pasado a la historia por tener no solo la conferencia de prensa previa a la pelea m\u00e1s r\u00e1pida de todos los tiempos, sino quiz\u00e1s la m\u00e1s agitada. Despu\u00e9s de sacar a dos de los competidores de la cartelera principal, Kevin Holland y Daniel Rodr\u00edguez, el presidente de UFC, Dana White, esperaba sacar las siguientes dos peleas una por una debido a la tensi\u00f3n que se hab\u00eda generado entre bastidores. En cambio, White cancel\u00f3 todo, y se\u00f1al\u00f3 poco despu\u00e9s que las cosas se hab\u00edan vuelto \u00abmuy f\u00edsicas\u00bb y que hab\u00eda demasiadas partes m\u00f3viles involucradas para que las cosas funcionaran de manera segura. <\/p>\n<p>White agreg\u00f3 que los altercados surgieron de una interacci\u00f3n entre uno de los participantes principales, Khamzat Chimaev, y Holland antes de que el oponente de Chimaev, Nate Diaz y su equipo se involucraran. <\/p>\n<p>Desde la \u00faltima pelea de Chimaev que tuvo lugar a principios de este a\u00f1o, form\u00f3 una fuerte amistad con el contendiente de peso mediano de UFC Darren Till y el brit\u00e1nico una vez m\u00e1s est\u00e1 acorralando a \u00abBorz\u00bb. Uni\u00e9ndose a la conferencia de prensa del jueves, Till comparti\u00f3 su perspectiva cuando se puso al d\u00eda con <a rel=\"nofollow noopener\" target=\"_blank\" href=\"https:\/\/www.youtube.com\/watch?v=w-eoN-eV0Ew\">La vida Mac<\/a>. <\/p>\n<p>\u00abEra simplemente normal\u00bb, dijo Till. \u00abNo s\u00e9 si solo digo eso porque somos luchadores porque peleamos todo el tiempo. <\/p>\n<p>\u00abEntonces, hemos estado separados toda la semana, los equipos, hay alrededor de 30 de nosotros y creo que hay alrededor de 50 de ellos. Es mucha gente. Todos venimos juntos, seis cada uno. Nate probablemente hizo que seis hombres vinieran al prensa, y nosotros seis est\u00e1bamos esperando detr\u00e1s de escena. Luego, cuando salimos, dijeron: &#8216;Ve y si\u00e9ntate adentro&#8217;. Pero Khamzat estaba solo, as\u00ed que pens\u00e9: &#8216;\u00bfEst\u00e1 bien solo?&#8217; Y mir\u00e9 a Kevin y Kevin estaba solo, as\u00ed que todos estaban solos, no sab\u00eda d\u00f3nde estaba Nate. <\/p>\n<p>\u00abFuimos a nuestro lado, ellos estaban a su lado\u00bb, continu\u00f3. Continu\u00f3: \u00abTodos estaban de pie, as\u00ed que nos pusimos de pie junto con algunos de ellos. La seguridad nos segu\u00eda y dec\u00eda: &#8216;Hasta, por favor, b\u00e1jate&#8217;. \u00c9l dijo: &#8216;Hasta, por favor&#8217;. Me dijo , \u00abSi\u00e9ntate\u00bb. Pero cuando llegue Khamzat para la conferencia de prensa, todos estaremos de pie. Quiero que lo sepas. Dice que bien\u00bb.<\/p>\n<p> White habl\u00f3 con los medios y mencion\u00f3 que las botellas de agua estaban volando. Tambi\u00e9n se conect\u00f3 con Tiki Ghosn, un ex luchador que ahora era gerente. Till pudo tomar fotos e interactuar con los fan\u00e1ticos, pero tambi\u00e9n estuvo atento a los D\u00edaz mientras se ocupaban de sus asuntos. <\/p>\n<p>Entonces, not\u00e9 que uno de seguridad corr\u00eda detr\u00e1s del escenario y me pregunto: \u00ab\u00bfQu\u00e9 pasa?\u00bb. Till respondi\u00f3. Dana sali\u00f3 y dijo que iban a cancelar la conferencia de prensa. As\u00ed que todos se pararon en el MGM. Todos se iban a casa y haciendo cualquier otra cosa. No pude llegar a la entrada, as\u00ed que yo y Guram [Kutateladze], saltamos la barrera. Pasamos corriendo y luego Khamzat est\u00e1 al otro lado. No vi d\u00f3nde estaba Nate, pero los muchachos de Nate que deb\u00edan entrar no lo hicieron. Nate estaba como afuera en alg\u00fan lugar o algo as\u00ed. Kevin no parec\u00eda estar all\u00ed, as\u00ed que entr\u00e9 en la bah\u00eda trasera. Eso era todo lo que hab\u00edamos visto, as\u00ed que obviamente hab\u00eda algo antes de eso, creo\u00bb.<\/p>\n<p>Till continu\u00f3 explicando que ten\u00eda algunos sentimientos de arrepentimiento por estar tan lejos de Chimaev como lo estuvo durante el coraz\u00f3n del incidente. Con los pesajes ceremoniales m\u00e1s tarde hoy, promete que los \u00abSmesh Bros\u00bb no se separar\u00e1n en caso de que comiencen m\u00e1s travesuras. <\/p>\n<p>A White tambi\u00e9n se le pregunt\u00f3 acerca de los ceremoniales. Sin embargo, asegur\u00f3 que esto no volver\u00eda a suceder. Por lo tanto, es seguro esperar un enfrentamiento final de D\u00edaz UFC bastante distanciado mientras se prepara para terminar su contrato. <\/p>\n<p>\u00abCreo que la gente en el exterior simplemente construye un poco m\u00e1s de lo que es\u00bb, dijo Till. \u00abSimplemente es lo que es. 100 millones por ciento [a big fight could have kicked off]. Todo lo que s\u00e9 es&#8230; el equipo de D\u00edaz est\u00e1 all\u00ed, como 57 de ellos, y nosotros estamos all\u00ed, 35 de nosotros o algo as\u00ed. Te puedo decir que la mayor\u00eda son luchadores, y muchos de ellos son luchadores. Toda esta mierda como que soy esto, soy aquello&#8230; La mayor\u00eda de nosotros venimos de las calles y la mayor\u00eda de ellos lo hacen. Eso es lo que estamos acostumbrados a hacer. Si nos estamos acercando, las cosas se van a decir. Alguien estar\u00e1 mirando a alguien y dir\u00e1 \u00bfa qui\u00e9n est\u00e1s mirando? Entonces todos vamos a pelear. Eso es lo que va a pasar\u00bb.<\/p>\n<hr class=\"p-entry-hr\">\n<h1><strong>HISTORIAS PRINCIPALES<\/strong><\/h1>\n<p><strong>Locura. <\/strong> Dana White cancela la conferencia de prensa previa a la pelea de UFC 279 despu\u00e9s de que el &#8216;espect\u00e1culo de mierda&#8217; estalla detr\u00e1s del escenario<\/p>\n<p><strong>Adelante. <\/strong> Thiago Santos sale de UFC, firma un acuerdo para unirse a la lista de PFL para la temporada 2023<\/p>\n<p><strong>Fuerza. <\/strong> Ciryl Gane dice que nunca antes hab\u00eda sentido un poder como el de Tai Tuivasa: \u00abNo puedo explicarlo, pero tiene algo en sus manos\u00bb<\/p>\n<p><strong>Meta. <\/strong> Michael Chandler todav\u00eda mira a Conor McGregor, pero dice que es &#8216;tonto enganchar tu carro a esa pelea&#8217;<\/p>\n<p><strong>Boxeo. <\/strong> Nate Diaz habla sobre la posible pelea de Jake Paul. Dice que cualquiera que descarte a Anderson Silva es est\u00fapido.<\/p>\n<p><strong>An\u00e1lisis. <\/strong> Caminos a la victoria: c\u00f3mo Nate D\u00edaz puede lograr una sorpresa milagrosa en UFC 279<\/p>\n<p><strong>RIP La muerte de la reina Isabel II Causa preocupaci\u00f3n en la comunidad de deportes de combate <\/p>\n<hr class=\"p-entry-hr\">\n<h1><strong>VIDEO GUISO<\/strong><\/h1>\n<p>Entre los Enlaces. <\/p>\n<div>\n<!-- ######## BEGIN VOLUME VIDEO ######## --><\/p>\n<div data-analytics-viewport=\"video\" data-analytics-action=\"volume:view:article:middle\" data-analytics-label=\"BTL LIVE | Khamzat Chimaev vs. Nate Diaz, UFC 279, UFC Paris Fallout, More | MMA Fighting|108720\" data-volume-uu data-analytics-placement=\"article:middle\" data-volume-placement=\"article\" data-volume-autoplay=\"false\" class=\"volume-video\" data-volume-player-choice=\"youtube\"><\/div>\n<p><!-- ######## END VOLUME VIDEO ######## -->\n<\/div>\n<p>Dana White habla sobre la cancelaci\u00f3n del prensador de UFC 279. <\/p>\n<div>\n<!-- ######## BEGIN VOLUME VIDEO ######## --><\/p>\n<div data-analytics-viewport=\"video\" data-analytics-action=\"volume:view:article:middle\" data-analytics-label=\"Dana White Reacts To 'Chaos Backstage at Presser | UFC 279 | MMA Fighting|108737\" data-volume-uu data-analytics-placement=\"article:middle\" data-volume-placement=\"article\" data-volume-autoplay=\"false\" class=\"volume-video\" data-volume-player-choice=\"youtube\"><\/div>\n<p><!-- ######## END VOLUME VIDEO ######## -->\n<\/div>\n<p>Mike Heck y Jose Youngs de MMA Fighting reaccionan a la cancelaci\u00f3n de UFC 279 Presser. <\/p>\n<div>\n<!-- ######## BEGIN VOLUME VIDEO ######## --><\/p>\n<div data-analytics-viewport=\"video\" data-analytics-action=\"volume:view:article:middle\" data-analytics-label=\"Reaction | UFC 279 Press Conference Cancelled By Dana White | MMA Fighting|108738\" data-volume-uu data-analytics-placement=\"article:middle\" data-volume-placement=\"article\" data-volume-autoplay=\"false\" class=\"volume-video\" data-volume-player-choice=\"youtube\"><\/div>\n<p><!-- ######## END VOLUME VIDEO ######## -->\n<\/div>\n<p>Holland y Rodr\u00edguez se enfrentan antes de que se cancele el presser de UFC 279. <\/p>\n<div>\n<!-- ######## BEGIN VOLUME VIDEO ######## --><\/p>\n<div data-analytics-viewport=\"video\" data-analytics-action=\"volume:view:article:middle\" data-analytics-label=\"Kevin Holland, Daniel Rodriguez Face Off Before Cancelled UFC 279 Presser | UFC 279 | MMA Fighting|108739\" data-volume-uu data-analytics-placement=\"article:middle\" data-volume-placement=\"article\" data-volume-autoplay=\"false\" class=\"volume-video\" data-volume-player-choice=\"youtube\"><\/div>\n<p><!-- ######## END VOLUME VIDEO ######## -->\n<\/div>\n<p>Mike Heck de MMA Fighting conversa con Daniel Rodr\u00edguez. <\/p>\n<div>\n<!-- ######## BEGIN VOLUME VIDEO ######## --><\/p>\n<div data-analytics-viewport=\"video\" data-analytics-action=\"volume:view:article:middle\" data-analytics-label=\"- MMA Fighting|108669\" data-volume-uu data-analytics-placement=\"article:middle\" data-volume-placement=\"article\" data-volume-autoplay=\"false\" class=\"volume-video\" data-volume-player-choice=\"youtube\"><\/div>\n<p><!-- ######## END VOLUME VIDEO ######## -->\n<\/div>\n<p>Los profesionales predicen UFC 279. <\/p>\n<div>\n<!-- ######## BEGIN VOLUME VIDEO ######## --><\/p>\n<div data-analytics-viewport=\"video\" data-analytics-action=\"volume:view:article:middle\" data-analytics-label=\"UFC 279: Pros Predict Nate Diaz vs. Khamzat Chimaev | Feat. O'Malley, Ferguson, Hardy, More|108715\" data-volume-uu data-analytics-placement=\"article:middle\" data-volume-placement=\"article\" data-volume-autoplay=\"false\" class=\"volume-video\" data-volume-player-choice=\"youtube\"><\/div>\n<p><!-- ######## END VOLUME VIDEO ######## -->\n<\/div>\n<p>Mike Heck de MMA Fighting conversa con Britain Hart. <\/p>\n<div>\n<!-- ######## BEGIN VOLUME VIDEO ######## --><\/p>\n<div data-analytics-viewport=\"video\" data-analytics-action=\"volume:view:article:middle\" data-analytics-label=\"- MMA Fighting|108722\" data-volume-uu data-analytics-placement=\"article:middle\" data-volume-placement=\"article\" data-volume-autoplay=\"false\" class=\"volume-video\" data-volume-player-choice=\"youtube\"><\/div>\n<p><!-- ######## END VOLUME VIDEO ######## -->\n<\/div>\n<p>incrustado 4. <\/p>\n<div>\n<div style=\"width: 100%;height: 0;padding-bottom: 56.25%\"><iframe loading=\"lazy\" title=\"UFC 279 Embedded: Vlog Series - Episode 4\" width=\"640\" height=\"360\" src=\"https:\/\/www.youtube.com\/embed\/lW4vLaZn0jM?feature=oembed\" frameborder=\"0\" allow=\"accelerometer; autoplay; clipboard-write; encrypted-media; gyroscope; picture-in-picture; web-share\" referrerpolicy=\"strict-origin-when-cross-origin\" allowfullscreen><\/iframe><\/div>\n<\/div>\n<p>El momento culminante de Ferguson. <\/p>\n<div>\n<div style=\"width: 100%;height: 0;padding-bottom: 56.25%\"><iframe loading=\"lazy\" title=\"Crowning Moment | Tony Ferguson Secures Interim Lightweight Title \ud83d\udc51\" width=\"640\" height=\"360\" src=\"https:\/\/www.youtube.com\/embed\/rx7o5PtB7oU?feature=oembed\" frameborder=\"0\" allow=\"accelerometer; autoplay; clipboard-write; encrypted-media; gyroscope; picture-in-picture; web-share\" referrerpolicy=\"strict-origin-when-cross-origin\" allowfullscreen><\/iframe><\/div>\n<\/div>\n<p>Campamento Khamzat. <\/p>\n<div>\n<div style=\"width: 100%;height: 0;padding-bottom: 56.25%\"><iframe loading=\"lazy\" title=\"Golden Guns, Sneakers &amp; Khamzat&#039;s Crew Arrive in Vegas. FIGHT CAMP Khamzat Chimaev v Nate Diaz Ep 2\" width=\"640\" height=\"360\" src=\"https:\/\/www.youtube.com\/embed\/iXB7hwnw9Vg?feature=oembed\" frameborder=\"0\" allow=\"accelerometer; autoplay; clipboard-write; encrypted-media; gyroscope; picture-in-picture; web-share\" referrerpolicy=\"strict-origin-when-cross-origin\" allowfullscreen><\/iframe><\/div>\n<\/div>\n<p> La historia de Nate D\u00edaz. <\/p>\n<div>\n<div style=\"width: 100%;height: 0;padding-bottom: 56.25%\"><iframe loading=\"lazy\" title=\"The Story of Nate Diaz: An Original from the 209 | ESPN MMA\" width=\"640\" height=\"360\" src=\"https:\/\/www.youtube.com\/embed\/xjzgElwp6j4?feature=oembed\" frameborder=\"0\" allow=\"accelerometer; autoplay; clipboard-write; encrypted-media; gyroscope; picture-in-picture; web-share\" referrerpolicy=\"strict-origin-when-cross-origin\" allowfullscreen><\/iframe><\/div>\n<\/div>\n<p>Bisping habla de Chimaev contra D\u00edaz. <\/p>\n<div>\n<div style=\"width: 100%;height: 0;padding-bottom: 56.25%\"><iframe loading=\"lazy\" title=\"BISPING: Nate DIAZ vs KHAMZAT Chimaev PREDICTION! | UFC 279 Preview\" width=\"640\" height=\"360\" src=\"https:\/\/www.youtube.com\/embed\/R6-cFMtIU44?feature=oembed\" frameborder=\"0\" allow=\"accelerometer; autoplay; clipboard-write; encrypted-media; gyroscope; picture-in-picture; web-share\" referrerpolicy=\"strict-origin-when-cross-origin\" allowfullscreen><\/iframe><\/div>\n<\/div>\n<hr class=\"p-entry-hr\">\n<h1><strong>ESCUCHEN<\/strong><\/h1>\n<p><strong>Sin apuestas prohibidas. <\/strong> Jed Meshew y Conner Burks de MMA Fighting discuten si Nate Diaz tiene una oportunidad contra Khamzat Chimaev en UFC 279. <\/p>\n<p><strong>Diablos de una ma\u00f1ana. <\/strong> Mike Heck de MMA Fighting analiza por qu\u00e9 lucha Tony Ferguson en UFC 279. <\/p>\n<hr class=\"p-entry-hr\">\n<h1><strong>BOUILLABAISSE DE MEDIOS SOCIALES<\/strong><\/h1>\n<p> Es dif\u00edcil de superar. <\/p>\n<div>\n<blockquote class=\"twitter-tweet\">\n<p lang=\"en\" dir=\"ltr\">No hay nada que me haga m\u00e1s feliz que estar al aire libre con mis perros y mis buenos amigos. <a rel=\"nofollow noopener\" target=\"_blank\" href=\"https:\/\/t.co\/TQoM5o43vw\">pic.twitter.com\/TQoM5o43vw<\/a><\/p>\n<p>&#8212; Jessy Jess (@missjessyjess) <a rel=\"nofollow noopener\" target=\"_blank\" href=\"https:\/\/twitter.com\/missjessyjess\/status\/1567902275292790784?ref_src=twsrc%5Etfw\">8 de septiembre de 2022<\/a>\n<\/p>\n<\/blockquote>\n<\/div>\n<p>Joyas. <\/p>\n<div>\n<blockquote class=\"twitter-tweet\">\n<p lang=\"en\" dir=\"ltr\">\u00a1Mi placa de cintur\u00f3n UFC actualizada est\u00e1 en casa! 7 rub\u00edes, 7 defensa del t\u00edtulo <br \/><a rel=\"nofollow noopener\" target=\"_blank\" href=\"https:\/\/twitter.com\/hashtag\/UFCChampion?src=hash&amp;ref_src=twsrc%5Etfw\">#UFCChampion<\/a> <a rel=\"nofollow noopener\" target=\"_blank\" href=\"https:\/\/t.co\/C6L7T954l3\">pic.twitter.com\/C6L7T954l3<\/a><\/p>\n<p>&#8212; Valentina Shevchenko (@BulletValentina) <a rel=\"nofollow noopener\" target=\"_blank\" href=\"https:\/\/twitter.com\/BulletValentina\/status\/1567927553935179778?ref_src=twsrc%5Etfw\">8 de septiembre de 2022<\/a>\n<\/p>\n<\/blockquote>\n<\/div>\n<p>Interesante flexi\u00f3n. <\/p>\n<div>\n<blockquote class=\"twitter-tweet\">\n<p lang=\"en\" dir=\"ltr\">Otro <a rel=\"nofollow noopener\" target=\"_blank\" href=\"https:\/\/twitter.com\/UFCRosterWatch?ref_src=twsrc%5Etfw\">@UFCRosterWatch<\/a> <a rel=\"nofollow noopener\" target=\"_blank\" href=\"https:\/\/t.co\/FaAWZn1O9S\">pic.twitter.com\/FaAWZn1O9S<\/a><\/p>\n<p>&#8212; PFL (@PFLMMA) <a rel=\"nofollow noopener\" target=\"_blank\" href=\"https:\/\/twitter.com\/PFLMMA\/status\/1567958457965322241?ref_src=twsrc%5Etfw\">8 de septiembre de 2022<\/a>\n<\/p>\n<\/blockquote>\n<\/div>\n<div>\n<blockquote class=\"twitter-tweet\">\n<p lang=\"und\" dir=\"ltr\"> <a rel=\"nofollow noopener\" target=\"_blank\" href=\"https:\/\/t.co\/0Njg4fglSY\">https:\/\/t.co\/0Njg4fglSY<\/a> <a rel=\"nofollow noopener\" target=\"_blank\" href=\"https:\/\/t.co\/Zp6FgjUD5H\">pic.twitter.com\/Zp6FgjUD5H<\/a><\/p>\n<p>&#8212; PFL (@PFLMMA) <a rel=\"nofollow noopener\" target=\"_blank\" href=\"https:\/\/twitter.com\/PFLMMA\/status\/1567973489960779777?ref_src=twsrc%5Etfw\">8 de septiembre de 2022<\/a>\n<\/p>\n<\/blockquote>\n<\/div>\n<div>\n<blockquote class=\"twitter-tweet\">\n<p lang=\"en\" dir=\"ltr\">\u00a1Tengo que dec\u00edroslo, chicos! \u00a1Firm\u00e9 con PFL para 2023! \u00a1Quiero ese 1 mill\u00f3n! <br \/>me gustaria agradecer al <a rel=\"nofollow noopener\" target=\"_blank\" href=\"https:\/\/twitter.com\/ufc?ref_src=twsrc%5Etfw\">@ufc<\/a> \u00a1para todo! Gracias <a rel=\"nofollow noopener\" target=\"_blank\" href=\"https:\/\/twitter.com\/danawhite?ref_src=twsrc%5Etfw\">@danawhite<\/a> <br \/>@mickmanyard <br \/>Gracias <a rel=\"nofollow noopener\" target=\"_blank\" href=\"https:\/\/twitter.com\/PFLMMA?ref_src=twsrc%5Etfw\">@PFLMMA<\/a> por firmarme! <a rel=\"nofollow noopener\" target=\"_blank\" href=\"https:\/\/twitter.com\/petermurray?ref_src=twsrc%5Etfw\">@petermurray<\/a> <a rel=\"nofollow noopener\" target=\"_blank\" href=\"https:\/\/twitter.com\/RaySefo?ref_src=twsrc%5Etfw\">@raysefo<\/a> <a rel=\"nofollow noopener\" target=\"_blank\" href=\"https:\/\/twitter.com\/Alexdavismma?ref_src=twsrc%5Etfw\">@alexdavismma<\/a><\/p>\n<p>&#8212; Thiago Marreta (@TMarretaMMA) <a rel=\"nofollow noopener\" target=\"_blank\" href=\"https:\/\/twitter.com\/TMarretaMMA\/status\/1567962918011928578?ref_src=twsrc%5Etfw\">8 de septiembre de 2022<\/a>\n<\/p>\n<\/blockquote>\n<\/div>\n<p> Entonces, todav\u00eda est\u00e1 pasando. <\/p>\n<div>\n<blockquote class=\"twitter-tweet\">\n<p lang=\"en\" dir=\"ltr\">. <a rel=\"nofollow noopener\" target=\"_blank\" href=\"https:\/\/twitter.com\/AdrianPeterson?ref_src=twsrc%5Etfw\">@AdrianPeterson<\/a> y <a rel=\"nofollow noopener\" target=\"_blank\" href=\"https:\/\/twitter.com\/LeVeonBell?ref_src=twsrc%5Etfw\">@LeVeonBell<\/a> cara a cara! <a rel=\"nofollow noopener\" target=\"_blank\" href=\"https:\/\/twitter.com\/socialgloves?ref_src=twsrc%5Etfw\">@socialgloves<\/a> <a rel=\"nofollow noopener\" target=\"_blank\" href=\"https:\/\/twitter.com\/hashtag\/McBroomGib?src=hash&amp;ref_src=twsrc%5Etfw\">#McBroomGib<\/a><a rel=\"nofollow noopener\" target=\"_blank\" href=\"https:\/\/t.co\/UAkszVmYQI\">https:\/\/t.co\/UAkszVmYQI<\/a> <a rel=\"nofollow noopener\" target=\"_blank\" href=\"https:\/\/t.co\/U74JilIZEe\">pic.twitter.com\/U74JilIZEe<\/a><\/p>\n<p>&#8212; FITE (@FiteTV) <a rel=\"nofollow noopener\" target=\"_blank\" href=\"https:\/\/twitter.com\/FiteTV\/status\/1567968941007413250?ref_src=twsrc%5Etfw\">8 de septiembre de 2022<\/a>\n<\/p>\n<\/blockquote>\n<\/div>\n<p>Inestable. <\/p>\n<div>\n<blockquote class=\"twitter-tweet\">\n<p lang=\"en\" dir=\"ltr\">\u00e9l todav\u00eda tiene 47 a\u00f1os con toda una vida de millas de combate encima. Jake tiene 25 a\u00f1os con poder y no tiene desgaste en \u00e9l. No est\u00e1 claro si la astucia de Jake puede superar su f\u00edsico durante esta pelea. Pero eso espero. <\/p>\n<p>&#8212; Alan Jouban (@AlanJouban) <a rel=\"nofollow noopener\" target=\"_blank\" href=\"https:\/\/twitter.com\/AlanJouban\/status\/1567972271146565633?ref_src=twsrc%5Etfw\">8 de septiembre de 2022<\/a>\n<\/p>\n<\/blockquote>\n<\/div>\n<p>D&#8217;oh! <\/p>\n<div>\n<blockquote class=\"twitter-tweet\">\n<p lang=\"en\" dir=\"ltr\">\u00a1Las rondas de combate son m\u00e1s calientes que la orina de TJ! <br \/>*<a rel=\"nofollow noopener\" target=\"_blank\" href=\"https:\/\/twitter.com\/hashtag\/AndStill?src=hash&amp;ref_src=twsrc%5Etfw\">#Y todav\u00eda<\/a> <a rel=\"nofollow noopener\" target=\"_blank\" href=\"https:\/\/twitter.com\/hashtag\/Burn?src=hash&amp;ref_src=twsrc%5Etfw\">#Quemar<\/a> <a rel=\"nofollow noopener\" target=\"_blank\" href=\"https:\/\/t.co\/xhJsqdnuRE\">pic.twitter.com\/xhJsqdnuRE<\/a><\/p>\n<p>&#8212; Aljamain Sterling (@funkmasterMMA) <a rel=\"nofollow noopener\" target=\"_blank\" href=\"https:\/\/twitter.com\/funkmasterMMA\/status\/1567974609265520640?ref_src=twsrc%5Etfw\">8 de septiembre de 2022<\/a>\n<\/p>\n<\/blockquote>\n<\/div>\n<p> Una vida llena de competici\u00f3n. <\/p>\n<div>\n<blockquote class=\"twitter-tweet\">\n<p lang=\"en\" dir=\"ltr\">Anderson Silva debut\u00f3 en MMA en 1997 mientras que Jake Paul naci\u00f3 en 1997 <a rel=\"nofollow noopener\" target=\"_blank\" href=\"https:\/\/t.co\/Cl9QeA6JnU\">pic.twitter.com\/Cl9QeA6JnU<\/a><\/p>\n<p>&#8212; Prensa Real MMA (@RealPressMMA) <a rel=\"nofollow noopener\" target=\"_blank\" href=\"https:\/\/twitter.com\/RealPressMMA\/status\/1567987121482334210?ref_src=twsrc%5Etfw\">8 de septiembre de 2022<\/a>\n<\/p>\n<\/blockquote>\n<\/div>\n<p>Tiempo de cuentos. <\/p>\n<div>\n<blockquote class=\"twitter-tweet\">\n<p lang=\"en\" dir=\"ltr\">La historia que condujo <a rel=\"nofollow noopener\" target=\"_blank\" href=\"https:\/\/twitter.com\/TonyFergusonXT?ref_src=twsrc%5Etfw\">@TonyFergusonXT<\/a> de camarero a convertirse en una leyenda del juego de lucha <\/p>\n<p>[ <a rel=\"nofollow noopener\" target=\"_blank\" href=\"https:\/\/twitter.com\/hashtag\/UFC279?src=hash&amp;ref_src=twsrc%5Etfw\">#UFC279<\/a> | Saturday | Live on ESPN+ PPV: <a rel=\"nofollow noopener\" target=\"_blank\" href=\"https:\/\/t.co\/rJY1WZoKAA\">https:\/\/t.co\/rJY1WZoKAA<\/a> ] <a rel=\"nofollow noopener\" target=\"_blank\" href=\"https:\/\/t.co\/Iei4N9RuTC\">pic.twitter.com\/Iei4N9RuTC<\/a><\/p>\n<p>&#8212; UFC (@ufc) <a rel=\"nofollow noopener\" target=\"_blank\" href=\"https:\/\/twitter.com\/ufc\/status\/1567995551492485121?ref_src=twsrc%5Etfw\">8 de septiembre de 2022<\/a>\n<\/p>\n<\/blockquote>\n<\/div>\n<p>Muy generoso. <\/p>\n<div>\n<blockquote class=\"twitter-tweet\">\n<p lang=\"en\" dir=\"ltr\">Solo para que todos lo sepan. Le ofrec\u00ed a ese payaso un corte de barba gratis. \u00a1No conozco ning\u00fan lugar en los EE. UU. que ofrezca ese servicio gratis! Soy preciso, prometo que no lo golpear\u00eda. Est\u00e1 a su servicio como el personal del hotel. <a rel=\"nofollow noopener\" target=\"_blank\" href=\"https:\/\/t.co\/Hiwwm40fg7\">https:\/\/t.co\/Hiwwm40fg7<\/a><\/p>\n<p>&#8212; Kevin Holanda (@Trailblaze2top) <a rel=\"nofollow noopener\" target=\"_blank\" href=\"https:\/\/twitter.com\/Trailblaze2top\/status\/1568027290986070017?ref_src=twsrc%5Etfw\">9 de septiembre de 2022<\/a>\n<\/p>\n<\/blockquote>\n<\/div>\n<p> Reacciones al caos de ayer. <\/p>\n<div>\n<blockquote class=\"twitter-tweet\">\n<p lang=\"en\" dir=\"ltr\">No profesional. Literalmente luchamos en una jaula y la gente todav\u00eda piensa que necesita demostrar lo duros que son. Rel\u00e1jense todos. <a rel=\"nofollow noopener\" target=\"_blank\" href=\"https:\/\/t.co\/gAQUW0wlDS\">https:\/\/t.co\/gAQUW0wlDS<\/a><\/p>\n<p>&#8211; Bo Nickal (@NoBickal) <a rel=\"nofollow noopener\" target=\"_blank\" href=\"https:\/\/twitter.com\/NoBickal\/status\/1568027094306652167?ref_src=twsrc%5Etfw\">9 de septiembre de 2022<\/a>\n<\/p>\n<\/blockquote>\n<\/div>\n<div>\n<blockquote class=\"twitter-tweet\">\n<p lang=\"en\" dir=\"ltr\">\u00bfD\u00f3nde estuvo Paulo Costa durante todo esto?<\/p>\n<p>&#8212; Belal Muhammad (@bullyb170) <a rel=\"nofollow noopener\" target=\"_blank\" href=\"https:\/\/twitter.com\/bullyb170\/status\/1568027261609156618?ref_src=twsrc%5Etfw\">9 de septiembre de 2022<\/a>\n<\/p>\n<\/blockquote>\n<\/div>\n<div>\n<blockquote class=\"twitter-tweet\">\n<p lang=\"en\" dir=\"ltr\">D\u00e9jame entenderlo. D\u00e9jame ser claro. Puedo enga\u00f1ar a un hombre y ser la peor persona que haya practicado este deporte. Tambi\u00e9n tengo cero deportividad. Una conferencia de prensa con Mfers y Crickets. Lol MMA SOCIAL Media no es una mierda <\/p>\n<p>&#8212; Chris Curtis El hombre de acci\u00f3n (@Actionman513) <a rel=\"nofollow noopener\" target=\"_blank\" href=\"https:\/\/twitter.com\/Actionman513\/status\/1568037127572815872?ref_src=twsrc%5Etfw\">9 de septiembre de 2022<\/a>\n<\/p>\n<\/blockquote>\n<\/div>\n<div>\n<blockquote class=\"twitter-tweet\">\n<p lang=\"en\" dir=\"ltr\"> La nueva historia de Instagram de Khamzat Chimaev. <\/p>\n<p> \u00abLes dije que no jugaran con nosotros. Kevin y Nate obtuvieron su merecido\u00bb <\/p>\n<p>Parece que ahora est\u00e1n todos separados. <a rel=\"nofollow noopener\" target=\"_blank\" href=\"https:\/\/t.co\/aBVmafxw1s\">pic.twitter.com\/aBVmafxw1s<\/a><\/p>\n<p>&#8212; Giorgi Kokiashvili (@iHeartGeorgius1) <a rel=\"nofollow noopener\" target=\"_blank\" href=\"https:\/\/twitter.com\/iHeartGeorgius1\/status\/1568037961190473728?ref_src=twsrc%5Etfw\">9 de septiembre de 2022<\/a>\n<\/p>\n<\/blockquote>\n<\/div>\n<div>\n<blockquote class=\"twitter-tweet\">\n<p lang=\"en\" dir=\"ltr\">Las tensiones entre Kevin Holland y el equipo de Chimaev continuaron en el vest\u00edbulo despu\u00e9s de la conferencia de prensa, seguida de un cameo amistoso del oponente de Holanda, Daniel Rodr\u00edguez. <\/p>\n<p> v\u00eda IG\/chrisslowens <a rel=\"nofollow noopener\" target=\"_blank\" href=\"https:\/\/t.co\/ilyL2DGY4n\">pic.twitter.com\/ilyL2DGY4n<\/a><\/p>\n<p>&#8212; Aaron Bronsteter (@aaronbronsteter) <a rel=\"nofollow noopener\" target=\"_blank\" href=\"https:\/\/twitter.com\/aaronbronsteter\/status\/1568045208885133313?ref_src=twsrc%5Etfw\">9 de septiembre de 2022<\/a>\n<\/p>\n<\/blockquote>\n<\/div>\n<div>\n<blockquote class=\"twitter-tweet\">\n<p lang=\"en\" dir=\"ltr\">Despu\u00e9s del altercado en la conferencia de prensa cancelada, Nick y Nate Diaz est\u00e1n tomando un caf\u00e9 en Starbucks y contin\u00faan prepar\u00e1ndose para la pelea de Khamzat Chimaev. <a rel=\"nofollow noopener\" target=\"_blank\" href=\"https:\/\/twitter.com\/hashtag\/UFC279?src=hash&amp;ref_src=twsrc%5Etfw\">#UFC279<\/a> (a trav\u00e9s de <a rel=\"nofollow noopener\" target=\"_blank\" href=\"https:\/\/twitter.com\/CesarGracieBJJ?ref_src=twsrc%5Etfw\">@CesarGracieBJJ<\/a>) <a rel=\"nofollow noopener\" target=\"_blank\" href=\"https:\/\/t.co\/g2jIexUeKk\">pic.twitter.com\/g2jIexUeKk<\/a><\/p>\n<p>&#8212; Chamatkar Sandhu (@SandhuMMA) <a rel=\"nofollow noopener\" target=\"_blank\" href=\"https:\/\/twitter.com\/SandhuMMA\/status\/1568049105770876928?ref_src=twsrc%5Etfw\">9 de septiembre de 2022<\/a>\n<\/p>\n<\/blockquote>\n<\/div>\n<div>\n<blockquote class=\"twitter-tweet\">\n<p lang=\"en\" dir=\"ltr\">Estoy llorando por este buen chico vestido con un lindo traje. El mundo no merece a este hombre todav\u00eda <a rel=\"nofollow noopener\" target=\"_blank\" href=\"https:\/\/t.co\/EtBqfLChhQ\">https:\/\/t.co\/EtBqfLChhQ<\/a><\/p>\n<p>&#8212; Paulo Costa (Borrachinha) (@BorrachinhaMMA) <a rel=\"nofollow noopener\" target=\"_blank\" href=\"https:\/\/twitter.com\/BorrachinhaMMA\/status\/1568101959751864320?ref_src=twsrc%5Etfw\">9 de septiembre de 2022<\/a>\n<\/p>\n<\/blockquote>\n<\/div>\n<div>\n<blockquote class=\"twitter-tweet\">\n<p lang=\"und\" dir=\"ltr\">no <a rel=\"nofollow noopener\" target=\"_blank\" href=\"https:\/\/twitter.com\/hashtag\/UFC279?src=hash&amp;ref_src=twsrc%5Etfw\">#UFC279<\/a> <a rel=\"nofollow noopener\" target=\"_blank\" href=\"https:\/\/t.co\/7iZbqUaery\">pic.twitter.com\/7iZbqUaery<\/a><\/p>\n<p>&#8212; Dovy (@DovySimuMMA) <a rel=\"nofollow noopener\" target=\"_blank\" href=\"https:\/\/twitter.com\/DovySimuMMA\/status\/1568047090508435457?ref_src=twsrc%5Etfw\">9 de septiembre de 2022<\/a>\n<\/p>\n<\/blockquote>\n<\/div>\n<div>\n<blockquote class=\"twitter-tweet\">\n<p lang=\"en\" dir=\"ltr\">Hombre, la sanguijuela estaba lista para irse. <a rel=\"nofollow noopener\" target=\"_blank\" href=\"https:\/\/t.co\/8FmB40CkkB\">pic.twitter.com\/8FmB40CkkB<\/a><\/p>\n<p>&#8212; Peso pesado Thanos (@MMAThanos) <a rel=\"nofollow noopener\" target=\"_blank\" href=\"https:\/\/twitter.com\/MMAThanos\/status\/1568024030766317568?ref_src=twsrc%5Etfw\">8 de septiembre de 2022<\/a>\n<\/p>\n<\/blockquote>\n<\/div>\n<p>Sucede. <\/p>\n<div>\n<blockquote class=\"twitter-tweet\">\n<p lang=\"en\" dir=\"ltr\">Leo Santos se retir\u00f3 de las MMA, \u00bfpero parece que Charles Rosa pens\u00f3 que hab\u00eda fallecido? <a rel=\"nofollow noopener\" target=\"_blank\" href=\"https:\/\/t.co\/lb8zQcvqwc\">pic.twitter.com\/lb8zQcvqwc<\/a><\/p>\n<p>&#8212; Dep\u00f3sito de Borrachinha (@FullContactMTWF) <a rel=\"nofollow noopener\" target=\"_blank\" href=\"https:\/\/twitter.com\/FullContactMTWF\/status\/1568101629228101633?ref_src=twsrc%5Etfw\">9 de septiembre de 2022<\/a>\n<\/p>\n<\/blockquote>\n<\/div>\n<p>Los GSPicks. <\/p>\n<div>\n<blockquote class=\"instagram-media\" data-instgrm-captioned=\"\" data-instgrm-permalink=\"https:\/\/www.instagram.com\/reel\/CiQtmBYskXs\/?utm_source=ig_embed&amp;utm_campaign=loading\" data-instgrm-version=\"14\" style=\"background:#FFF;border:0;border-radius:3px;margin: 1px;max-width:658px;min-width:326px;padding:0;width:99.375%;width:-webkit-calc(100% - 2px);width:calc(100% - 2px)\">\n<div style=\"padding:16px\"> <a rel=\"nofollow noopener\" target=\"_blank\" href=\"https:\/\/www.instagram.com\/reel\/CiQtmBYskXs\/?utm_source=ig_embed&amp;utm_campaign=loading\" style=\"background:#FFFFFF;line-height:0;padding:0 0;text-align:center;text-decoration:none;width:100%\"> <\/p>\n<div style=\"flex-direction: row;align-items: center\">\n<div style=\"background-color: #F4F4F4;border-radius: 50%;flex-grow: 0;height: 40px;margin-right: 14px;width: 40px\"><\/div>\n<div style=\"flex-direction: column;flex-grow: 1;justify-content: center\">\n<div style=\"background-color: #F4F4F4;border-radius: 4px;flex-grow: 0;height: 14px;margin-bottom: 6px;width: 100px\"><\/div>\n<div style=\"background-color: #F4F4F4;border-radius: 4px;flex-grow: 0;height: 14px;width: 60px\"><\/div>\n<\/div>\n<\/div>\n<div style=\"padding: 19% 0\"><\/div>\n<div style=\"height:50px;margin:0 auto 12px;width:50px\"><\/div>\n<div style=\"padding-top: 8px\">\n<div style=\"color:#3897f0;font-family:Arial,sans-serif;font-size:14px;font-style:normal;font-weight:550;line-height:18px\">Ver esta publicaci\u00f3n en Instagram<\/div>\n<\/div>\n<div style=\"padding: 12.5% 0\"><\/div>\n<div style=\"flex-direction: row;margin-bottom: 14px;align-items: center\">\n<div>\n<div style=\"background-color: #F4F4F4;border-radius: 50%;height: 12.5px;width: 12.5px\"><\/div>\n<div style=\"background-color: #F4F4F4;height: 12.5px;width: 12.5px;flex-grow: 0;margin-right: 14px;margin-left: 2px\"><\/div>\n<div style=\"background-color: #F4F4F4;border-radius: 50%;height: 12.5px;width: 12.5px\"><\/div>\n<\/div>\n<div style=\"margin-left: 8px\">\n<div style=\"background-color: #F4F4F4;border-radius: 50%;flex-grow: 0;height: 20px;width: 20px\"><\/div>\n<div style=\"width: 0;height: 0;border-top: 2px solid transparent;border-left: 6px solid #f4f4f4;border-bottom: 2px solid transparent\"><\/div>\n<\/div>\n<div style=\"margin-left: auto\">\n<div style=\"width: 0px;border-top: 8px solid #F4F4F4;border-right: 8px solid transparent\"><\/div>\n<div style=\"background-color: #F4F4F4;flex-grow: 0;height: 12px;width: 16px\"><\/div>\n<div style=\"width: 0;height: 0;border-top: 8px solid #F4F4F4;border-left: 8px solid transparent\"><\/div>\n<\/div>\n<\/div>\n<div style=\"flex-direction: column;flex-grow: 1;justify-content: center;margin-bottom: 24px\">\n<div style=\"background-color: #F4F4F4;border-radius: 4px;flex-grow: 0;height: 14px;margin-bottom: 6px;width: 224px\"><\/div>\n<div style=\"background-color: #F4F4F4;border-radius: 4px;flex-grow: 0;height: 14px;width: 144px\"><\/div>\n<\/div>\n<p><\/a><\/p>\n<p style=\"color:#c9c8cd;font-family:Arial,sans-serif;font-size:14px;line-height:17px;margin-bottom:0;margin-top:8px;overflow:hidden;padding:8px 0 7px;text-align:center\"><a rel=\"nofollow noopener\" target=\"_blank\" href=\"https:\/\/www.instagram.com\/reel\/CiQtmBYskXs\/?utm_source=ig_embed&amp;utm_campaign=loading\" style=\"color:#c9c8cd;font-family:Arial,sans-serif;font-size:14px;font-style:normal;font-weight:normal;line-height:17px;text-decoration:none\">Una publicaci\u00f3n compartida por Georges St-Pierre (@georgesstpierre)<\/a><\/p>\n<\/div>\n<\/blockquote>\n<\/div>\n<hr class=\"p-entry-hr\">\n<h1><strong>PENSAMIENTOS FINALES<\/strong><\/h1>\n<p>\u00a1Qu\u00e9 MMA m\u00e1s dram\u00e1tico! Es viernes, \u00a1gracias a Dios! \u00a1Ten un excelente fin de semana! Gracias por leer. <\/p>\n<hr class=\"p-entry-hr\">\n<h1><strong>ENCUESTA DE SALIDA<\/strong><\/h1>\n<div><\/div>\n<hr class=\"p-entry-hr\">\n<p><strong>Si encuentra algo que le gustar\u00eda ver en el Informe matutino, presione <\/strong><a rel=\"nofollow noopener\" target=\"_blank\" href=\"https:\/\/twitter.com\/DrakeRiggs_\"><strong>@DrakeRiggs_<\/strong><\/a><strong> en Twitter y h\u00e1gale saber al respecto. Tambi\u00e9n siga MMAFighting en <\/strong><a rel=\"nofollow noopener\" target=\"_blank\" href=\"https:\/\/www.instagram.com\/mmafightingdotcom\/?hl=en\"><strong>Instagram<\/strong><\/a><strong> y como nosotros en <\/strong><a rel=\"nofollow noopener\" target=\"_blank\" href=\"https:\/\/www.facebook.com\/mmafighting\/\"><strong>Facebook<\/strong><\/a><strong>. <\/strong><\/p>\n","protected":false},"excerpt":{"rendered":"<p>Donde va un \u00abSmesh Bro\u00bb, el otro lo sigue. La semana de la pelea de UFC 279 ha pasado a la historia por tener no solo la conferencia de prensa previa a la pelea m\u00e1s r\u00e1pida de todos los tiempos, sino quiz\u00e1s la m\u00e1s agitada. Despu\u00e9s de sacar a dos de los competidores de la [&hellip;]<\/p>\n","protected":false},"author":1,"featured_media":253543,"comment_status":"","ping_status":"open","sticky":false,"template":"","format":"standard","meta":{"footnotes":""},"categories":[1171],"tags":[],"_links":{"self":[{"href":"https:\/\/wmmaa.org\/es\/wp-json\/wp\/v2\/posts\/253553"}],"collection":[{"href":"https:\/\/wmmaa.org\/es\/wp-json\/wp\/v2\/posts"}],"about":[{"href":"https:\/\/wmmaa.org\/es\/wp-json\/wp\/v2\/types\/post"}],"author":[{"embeddable":true,"href":"https:\/\/wmmaa.org\/es\/wp-json\/wp\/v2\/users\/1"}],"replies":[{"embeddable":true,"href":"https:\/\/wmmaa.org\/es\/wp-json\/wp\/v2\/comments?post=253553"}],"version-history":[{"count":0,"href":"https:\/\/wmmaa.org\/es\/wp-json\/wp\/v2\/posts\/253553\/revisions"}],"wp:featuredmedia":[{"embeddable":true,"href":"https:\/\/wmmaa.org\/es\/wp-json\/wp\/v2\/media\/253543"}],"wp:attachment":[{"href":"https:\/\/wmmaa.org\/es\/wp-json\/wp\/v2\/media?parent=253553"}],"wp:term":[{"taxonomy":"category","embeddable":true,"href":"https:\/\/wmmaa.org\/es\/wp-json\/wp\/v2\/categories?post=253553"},{"taxonomy":"post_tag","embeddable":true,"href":"https:\/\/wmmaa.org\/es\/wp-json\/wp\/v2\/tags?post=253553"}],"curies":[{"name":"wp","href":"https:\/\/api.w.org\/{rel}","templated":true}]}}