{"id":253302,"date":"2022-09-09T04:27:44","date_gmt":"2022-09-09T01:27:44","guid":{"rendered":"https:\/\/wmmaa.org\/dejen-de-actuar-como-idiotas-los-luchadores-reaccionan-al-supuesto-altercado-entre-bastidores-en-la-conferencia-de-prensa-de-ufc-279\/"},"modified":"2022-09-09T04:27:44","modified_gmt":"2022-09-09T01:27:44","slug":"dejen-de-actuar-como-idiotas-los-luchadores-reaccionan-al-supuesto-altercado-entre-bastidores-en-la-conferencia-de-prensa-de-ufc-279","status":"publish","type":"post","link":"https:\/\/wmmaa.org\/es\/dejen-de-actuar-como-idiotas-los-luchadores-reaccionan-al-supuesto-altercado-entre-bastidores-en-la-conferencia-de-prensa-de-ufc-279\/","title":{"rendered":"&#8216;Dejen de actuar como idiotas&#8217;: los luchadores reaccionan al supuesto altercado entre bastidores en la conferencia de prensa de UFC 279"},"content":{"rendered":"<p>A medida que se corri\u00f3 la voz de un supuesto cuerpo a cuerpo entre bastidores en la conferencia de prensa de UFC 279, los luchadores de MMA estaban pegados a sus tel\u00e9fonos, con la esperanza de obtener una actualizaci\u00f3n sobre qui\u00e9n hizo qu\u00e9. <\/p>\n<p>La cancelaci\u00f3n del evento medi\u00e1tico por parte del presidente de UFC, Dana White, solo sirvi\u00f3 para intensificar la curiosidad sobre un altercado entre bastidores, que supuestamente involucr\u00f3 a Khamzat Chimaev y Kevin Holland, entre otros, que condujo al repentino cambio de planes. <\/p>\n<p>As\u00ed es como reaccionaron los luchadores ante la noticia del altercado y la cancelaci\u00f3n de la conferencia de prensa de UFC 279. <\/p>\n<aside>\n<div class=\"c-read-more\">\n<p class=\"c-read-more__intro\">\n<p>Similar\n <\/p>\n<h4>Dana White cancela la conferencia de prensa previa a la pelea de UFC 279 despu\u00e9s de que el &#8216;espect\u00e1culo de mierda&#8217; estalla detr\u00e1s del escenario <\/h4>\n<\/div>\n<\/aside>\n<hr class=\"p-entry-hr\">\n<div>\n<blockquote class=\"twitter-tweet\">\n<p lang=\"en\" dir=\"ltr\">Solo para que todos lo sepan. Le ofrec\u00ed a ese payaso un corte de barba gratis. No hay ning\u00fan lugar en Estados Unidos que ofrezca este servicio de forma gratuita. Soy preciso, prometo que no lo golpear\u00eda. Estoy a su servicio, al igual que el personal del hotel. <a rel=\"nofollow noopener\" target=\"_blank\" href=\"https:\/\/t.co\/Hiwwm40fg7\">https:\/\/t.co\/Hiwwm40fg7<\/a><\/p>\n<p>&#8212; Kevin Holanda (@Trailblaze2top) <a rel=\"nofollow noopener\" target=\"_blank\" href=\"https:\/\/twitter.com\/Trailblaze2top\/status\/1568027290986070017?ref_src=twsrc%5Etfw\">9 de septiembre de 2022<\/a>\n<\/p>\n<\/blockquote>\n<\/div>\n<div>\n<blockquote class=\"twitter-tweet\">\n<p lang=\"und\" dir=\"ltr\">ROTURA <a rel=\"nofollow noopener\" target=\"_blank\" href=\"https:\/\/t.co\/KmGBze2Qs5\">pic.twitter.com\/KmGBze2Qs5<\/a><\/p>\n<p>&#8212; Paulo Costa (Borrachinha) (@BorrachinhaMMA) <a rel=\"nofollow noopener\" target=\"_blank\" href=\"https:\/\/twitter.com\/BorrachinhaMMA\/status\/1568033026495639552?ref_src=twsrc%5Etfw\">9 de septiembre de 2022<\/a>\n<\/p>\n<\/blockquote>\n<\/div>\n<div>\n<blockquote class=\"twitter-tweet\">\n<p lang=\"en\" dir=\"ltr\">estoy muy intrigado ahora<\/p>\n<p>&#8212; Belal Muhammad (@bullyb170) <a rel=\"nofollow noopener\" target=\"_blank\" href=\"https:\/\/twitter.com\/bullyb170\/status\/1568026915860058114?ref_src=twsrc%5Etfw\">9 de septiembre de 2022<\/a>\n<\/p>\n<\/blockquote>\n<\/div>\n<div>\n<blockquote class=\"twitter-tweet\">\n<p lang=\"en\" dir=\"ltr\">\u00bfD\u00f3nde estuvo Paulo Costa durante todo esto?<\/p>\n<p>&#8212; Belal Muhammad (@bullyb170) <a rel=\"nofollow noopener\" target=\"_blank\" href=\"https:\/\/twitter.com\/bullyb170\/status\/1568027261609156618?ref_src=twsrc%5Etfw\">9 de septiembre de 2022<\/a>\n<\/p>\n<\/blockquote>\n<\/div>\n<div>\n<blockquote class=\"twitter-tweet\">\n<p lang=\"en\" dir=\"ltr\">Escuch\u00e9 que el Oficial Holland se convirti\u00f3 en Denzel en el D\u00eda de Entrenamiento detr\u00e1s del escenario en la conferencia de prensa de UFC. <\/p>\n<p>&#8212; Derek Brunson (@DerekBrunson) <a rel=\"nofollow noopener\" target=\"_blank\" href=\"https:\/\/twitter.com\/DerekBrunson\/status\/1568040091762696198?ref_src=twsrc%5Etfw\">9 de septiembre de 2022<\/a>\n<\/p>\n<\/blockquote>\n<\/div>\n<div>\n<blockquote class=\"twitter-tweet\">\n<p lang=\"en\" dir=\"ltr\">Los peleadores dejan de actuar como idiotas antes de la pelea. No arruine las conferencias de prensa, pesajes y peleas. La gente paga su dinero duramente ganado para ser parte de <\/p>\n<p>&#8212; Derek Brunson (@DerekBrunson) <a rel=\"nofollow noopener\" target=\"_blank\" href=\"https:\/\/twitter.com\/DerekBrunson\/status\/1568040826114039810?ref_src=twsrc%5Etfw\">9 de septiembre de 2022<\/a>\n<\/p>\n<\/blockquote>\n<\/div>\n<div>\n<blockquote class=\"twitter-tweet\">\n<p lang=\"en\" dir=\"ltr\">ESTE <a rel=\"nofollow noopener\" target=\"_blank\" href=\"https:\/\/t.co\/kbUK5JEDLC\">https:\/\/t.co\/kbUK5JEDLC<\/a><\/p>\n<p>&#8212; Joe Joe Giannetti (@Giannettimma) <a rel=\"nofollow noopener\" target=\"_blank\" href=\"https:\/\/twitter.com\/Giannettimma\/status\/1568038246994550785?ref_src=twsrc%5Etfw\">9 de septiembre de 2022<\/a>\n<\/p>\n<\/blockquote>\n<\/div>\n<div>\n<blockquote class=\"twitter-tweet\">\n<p lang=\"en\" dir=\"ltr\">Mi Twitter no puede actualizar lo suficientemente r\u00e1pido jaja Quiero saber qu\u00e9 pas\u00f3 <\/p>\n<p>&#8211;Vince Morales (@vandetta135) <a rel=\"nofollow noopener\" target=\"_blank\" href=\"https:\/\/twitter.com\/vandetta135\/status\/1568028049874255872?ref_src=twsrc%5Etfw\">9 de septiembre de 2022<\/a>\n<\/p>\n<\/blockquote>\n<\/div>\n<div>\n<blockquote class=\"twitter-tweet\">\n<p lang=\"en\" dir=\"ltr\">\u00a1UFC Embedded deber\u00eda tener lugar esta noche! <a rel=\"nofollow noopener\" target=\"_blank\" href=\"https:\/\/twitter.com\/ufc?ref_src=twsrc%5Etfw\">@ufc<\/a> <a rel=\"nofollow noopener\" target=\"_blank\" href=\"https:\/\/twitter.com\/hashtag\/UFC279?src=hash&amp;ref_src=twsrc%5Etfw\">#UFC279<\/a><\/p>\n<p>&#8212; Chris Leben (@ChrisLebenMMA) <a rel=\"nofollow noopener\" target=\"_blank\" href=\"https:\/\/twitter.com\/ChrisLebenMMA\/status\/1568035748804456448?ref_src=twsrc%5Etfw\">9 de septiembre de 2022<\/a>\n<\/p>\n<\/blockquote>\n<\/div>\n<div>\n<blockquote class=\"twitter-tweet\">\n<p lang=\"en\" dir=\"ltr\">Nunca me han importado las noticias de mma como ahora. Necesito saber qu\u00e9 pas\u00f3 detr\u00e1s del escenario. donde estan los videos <a rel=\"nofollow noopener\" target=\"_blank\" href=\"https:\/\/twitter.com\/hashtag\/ufc279?src=hash&amp;ref_src=twsrc%5Etfw\">#ufc279<\/a><\/p>\n<p>&#8212; Chris Weidman (@chrisweidman) <a rel=\"nofollow noopener\" target=\"_blank\" href=\"https:\/\/twitter.com\/chrisweidman\/status\/1568032921646235648?ref_src=twsrc%5Etfw\">9 de septiembre de 2022<\/a>\n<\/p>\n<\/blockquote>\n<\/div>\n<p>\n","protected":false},"excerpt":{"rendered":"<p>A medida que se corri\u00f3 la voz de un supuesto cuerpo a cuerpo entre bastidores en la conferencia de prensa de UFC 279, los luchadores de MMA estaban pegados a sus tel\u00e9fonos, con la esperanza de obtener una actualizaci\u00f3n sobre qui\u00e9n hizo qu\u00e9. La cancelaci\u00f3n del evento medi\u00e1tico por parte del presidente de UFC, Dana [&hellip;]<\/p>\n","protected":false},"author":1,"featured_media":253286,"comment_status":"","ping_status":"open","sticky":false,"template":"","format":"standard","meta":{"footnotes":""},"categories":[1171],"tags":[],"_links":{"self":[{"href":"https:\/\/wmmaa.org\/es\/wp-json\/wp\/v2\/posts\/253302"}],"collection":[{"href":"https:\/\/wmmaa.org\/es\/wp-json\/wp\/v2\/posts"}],"about":[{"href":"https:\/\/wmmaa.org\/es\/wp-json\/wp\/v2\/types\/post"}],"author":[{"embeddable":true,"href":"https:\/\/wmmaa.org\/es\/wp-json\/wp\/v2\/users\/1"}],"replies":[{"embeddable":true,"href":"https:\/\/wmmaa.org\/es\/wp-json\/wp\/v2\/comments?post=253302"}],"version-history":[{"count":0,"href":"https:\/\/wmmaa.org\/es\/wp-json\/wp\/v2\/posts\/253302\/revisions"}],"wp:featuredmedia":[{"embeddable":true,"href":"https:\/\/wmmaa.org\/es\/wp-json\/wp\/v2\/media\/253286"}],"wp:attachment":[{"href":"https:\/\/wmmaa.org\/es\/wp-json\/wp\/v2\/media?parent=253302"}],"wp:term":[{"taxonomy":"category","embeddable":true,"href":"https:\/\/wmmaa.org\/es\/wp-json\/wp\/v2\/categories?post=253302"},{"taxonomy":"post_tag","embeddable":true,"href":"https:\/\/wmmaa.org\/es\/wp-json\/wp\/v2\/tags?post=253302"}],"curies":[{"name":"wp","href":"https:\/\/api.w.org\/{rel}","templated":true}]}}