{"id":251351,"date":"2022-09-06T18:42:09","date_gmt":"2022-09-06T15:42:09","guid":{"rendered":"https:\/\/wmmaa.org\/heck-of-a-morning-nate-diaz-volvera-a-pelear-por-el-ufc-despues-de-la-pelea-de-ufc-279-con-khamzat-chimaev\/"},"modified":"2022-09-06T18:42:09","modified_gmt":"2022-09-06T15:42:09","slug":"heck-of-a-morning-nate-diaz-volvera-a-pelear-por-el-ufc-despues-de-la-pelea-de-ufc-279-con-khamzat-chimaev","status":"publish","type":"post","link":"https:\/\/wmmaa.org\/es\/heck-of-a-morning-nate-diaz-volvera-a-pelear-por-el-ufc-despues-de-la-pelea-de-ufc-279-con-khamzat-chimaev\/","title":{"rendered":"Heck of a Morning: \u00bfNate Diaz volver\u00e1 a pelear por el UFC despu\u00e9s de la pelea de UFC 279 con Khamzat Chimaev?"},"content":{"rendered":"<p>Nate Diaz terminar\u00e1 su contrato actual de UFC este s\u00e1bado contra Khamzat Chimaev en el evento principal de UFC 279, pero gane o pierda, \u00bfser\u00e1 esa la \u00faltima vez que D\u00edaz entre al oct\u00e1gono? <\/p>\n<p>En una edici\u00f3n completamente nueva de Heck of a Morning, Mike Heck de MMA Fighting responde esa pregunta y qu\u00e9 podr\u00eda ser lo pr\u00f3ximo para ambos despu\u00e9s del evento PPV de este fin de semana. Adem\u00e1s, los temas de los oyentes incluyen la nueva promoci\u00f3n de pelea de D\u00edaz, si Chimaev deber\u00eda subir a 185 despu\u00e9s de UFC 279, la victoria de Ciryl Gane sobre Tai Tuivasa y lo que podr\u00eda ser lo pr\u00f3ximo para \u00e9l despu\u00e9s de UFC Par\u00eds el fin de semana pasado, el golpe en la nuca de Gane. durante la secuencia final y las reacciones, la sensacional actuaci\u00f3n de Robert Whittaker contra Marvin Vettori en el evento coestelar y m\u00e1s. <\/p>\n<p>Puede escuchar Heck of a Morning en vivo los martes, jueves y viernes a las 10 am ET en MMA Fighting Twitter Spaces. <\/p>\n<p>Si se lo pierde en vivo, las versiones de solo audio del podcast se pueden encontrar a continuaci\u00f3n, en <a rel=\"nofollow noopener\" target=\"_blank\" href=\"https:\/\/go.redirectingat.com\/?xcust=22472__t_w__r_google.com__d_D&amp;id=66960X1516590&amp;xs=1&amp;url=https:\/\/itunes.apple.com\/podcast\/id320642139&amp;referrer=sbnation.com\" data-cdata=\"{\">Podcasts de Apple<\/a>, <a rel=\"nofollow noopener\" target=\"_blank\" href=\"https:\/\/podcasts.google.com\/?feed=aHR0cDovL2ZlZWRzLmZlZWRidXJuZXIuY29tL1RoZU1tYUhvdXJXaXRoQXJpZWxIZWx3YW5p\">Podcasts de Google<\/a>, <a rel=\"nofollow noopener\" target=\"_blank\" href=\"https:\/\/open.spotify.com\/show\/27Z2RR39rjGrRcV1DiQ40J?si=5ZS0Lje7QbWITUd60cOb8g\">Spotify<\/a>, <a rel=\"nofollow noopener\" target=\"_blank\" href=\"https:\/\/www.iheart.com\/podcast\/269-the-mma-beat-29878823\/?cmp=web_share\">iHeartRadio<\/a>, <a rel=\"nofollow noopener\" target=\"_blank\" href=\"https:\/\/www.stitcher.com\/podcast\/mma-fighting\">grapadora<\/a>y donde sea que encuentres tus podcasts favoritos. <\/p>\n<div><\/div>\n","protected":false},"excerpt":{"rendered":"<p>Nate Diaz terminar\u00e1 su contrato actual de UFC este s\u00e1bado contra Khamzat Chimaev en el evento principal de UFC 279, pero gane o pierda, \u00bfser\u00e1 esa la \u00faltima vez que D\u00edaz entre al oct\u00e1gono? En una edici\u00f3n completamente nueva de Heck of a Morning, Mike Heck de MMA Fighting responde esa pregunta y qu\u00e9 podr\u00eda [&hellip;]<\/p>\n","protected":false},"author":1,"featured_media":251340,"comment_status":"","ping_status":"open","sticky":false,"template":"","format":"standard","meta":{"footnotes":""},"categories":[1171],"tags":[],"_links":{"self":[{"href":"https:\/\/wmmaa.org\/es\/wp-json\/wp\/v2\/posts\/251351"}],"collection":[{"href":"https:\/\/wmmaa.org\/es\/wp-json\/wp\/v2\/posts"}],"about":[{"href":"https:\/\/wmmaa.org\/es\/wp-json\/wp\/v2\/types\/post"}],"author":[{"embeddable":true,"href":"https:\/\/wmmaa.org\/es\/wp-json\/wp\/v2\/users\/1"}],"replies":[{"embeddable":true,"href":"https:\/\/wmmaa.org\/es\/wp-json\/wp\/v2\/comments?post=251351"}],"version-history":[{"count":0,"href":"https:\/\/wmmaa.org\/es\/wp-json\/wp\/v2\/posts\/251351\/revisions"}],"wp:featuredmedia":[{"embeddable":true,"href":"https:\/\/wmmaa.org\/es\/wp-json\/wp\/v2\/media\/251340"}],"wp:attachment":[{"href":"https:\/\/wmmaa.org\/es\/wp-json\/wp\/v2\/media?parent=251351"}],"wp:term":[{"taxonomy":"category","embeddable":true,"href":"https:\/\/wmmaa.org\/es\/wp-json\/wp\/v2\/categories?post=251351"},{"taxonomy":"post_tag","embeddable":true,"href":"https:\/\/wmmaa.org\/es\/wp-json\/wp\/v2\/tags?post=251351"}],"curies":[{"name":"wp","href":"https:\/\/api.w.org\/{rel}","templated":true}]}}