{"id":237295,"date":"2022-08-18T21:27:44","date_gmt":"2022-08-18T18:27:44","guid":{"rendered":"https:\/\/wmmaa.org\/beterbiev-esta-lesionado-lucha-con-yard-se-pospone-para-principios-del-proximo-ano\/"},"modified":"2022-08-18T21:27:44","modified_gmt":"2022-08-18T18:27:44","slug":"beterbiev-esta-lesionado-lucha-con-yard-se-pospone-para-principios-del-proximo-ano","status":"publish","type":"post","link":"https:\/\/wmmaa.org\/es\/beterbiev-esta-lesionado-lucha-con-yard-se-pospone-para-principios-del-proximo-ano\/","title":{"rendered":"Beterbiev est\u00e1 lesionado. Lucha con Yard se pospone para principios del pr\u00f3ximo a\u00f1o"},"content":{"rendered":"<p><img decoding=\"async\" src=\"https:\/\/wmmaa.org\/wp-content\/uploads\/2022\/08\/60842a36f5fc8b65cb9eab33bec75743.jpg\" alt=\"\"><\/p>\n<div>\n<p> Parece que el campe\u00f3n de peso semipesado WBC\/IBF\/WBO (hasta 79,4 kg) Artur Beterbiev (18-0, 18 KOs) de Canad\u00e1 en 2022 se limitar\u00e1 a una sola actuaci\u00f3n.\n<\/p>\n<p> como se supo<br \/>\n <a rel=\"nofollow noopener\" target=\"_blank\" href=\"https:\/\/www.boxingscene.com\">escena de boxeo<\/a>Beterbiev sufri\u00f3 una lesi\u00f3n que le impedir\u00e1 hacer una defensa obligatoria contra el contendiente de la OMB Anthony Yarde (22-2, 21 KOs) a finales de octubre, como estaba previsto previamente.\n<\/p>\n<p> En cambio, Yard realizar\u00e1 una pelea interina en noviembre, mientras que la reuni\u00f3n con Beterbiev se reprograma tentativamente para principios de 2023.\n<\/p>\n<p> Recordemos que en junio, Arthur gan\u00f3 una pelea de unificaci\u00f3n contra el estadounidense Joe Smith, deteni\u00e9ndolo en dos asaltos.\n<\/p>\n<p> Yard, quien casi le quit\u00f3 el t\u00edtulo de la OMB a Sergey Kovalev en agosto de 2019, no ha subido al ring en absoluto este a\u00f1o.\n<\/p>\n<\/p>\n<\/div>\n","protected":false},"excerpt":{"rendered":"<p>Parece que el campe\u00f3n de peso semipesado WBC\/IBF\/WBO (hasta 79,4 kg) Artur Beterbiev (18-0, 18 KOs) de Canad\u00e1 en 2022 se limitar\u00e1 a una sola actuaci\u00f3n. como se supo escena de boxeoBeterbiev sufri\u00f3 una lesi\u00f3n que le impedir\u00e1 hacer una defensa obligatoria contra el contendiente de la OMB Anthony Yarde (22-2, 21 KOs) a finales [&hellip;]<\/p>\n","protected":false},"author":1,"featured_media":237263,"comment_status":"","ping_status":"open","sticky":false,"template":"","format":"standard","meta":{"footnotes":""},"categories":[1171],"tags":[],"_links":{"self":[{"href":"https:\/\/wmmaa.org\/es\/wp-json\/wp\/v2\/posts\/237295"}],"collection":[{"href":"https:\/\/wmmaa.org\/es\/wp-json\/wp\/v2\/posts"}],"about":[{"href":"https:\/\/wmmaa.org\/es\/wp-json\/wp\/v2\/types\/post"}],"author":[{"embeddable":true,"href":"https:\/\/wmmaa.org\/es\/wp-json\/wp\/v2\/users\/1"}],"replies":[{"embeddable":true,"href":"https:\/\/wmmaa.org\/es\/wp-json\/wp\/v2\/comments?post=237295"}],"version-history":[{"count":0,"href":"https:\/\/wmmaa.org\/es\/wp-json\/wp\/v2\/posts\/237295\/revisions"}],"wp:featuredmedia":[{"embeddable":true,"href":"https:\/\/wmmaa.org\/es\/wp-json\/wp\/v2\/media\/237263"}],"wp:attachment":[{"href":"https:\/\/wmmaa.org\/es\/wp-json\/wp\/v2\/media?parent=237295"}],"wp:term":[{"taxonomy":"category","embeddable":true,"href":"https:\/\/wmmaa.org\/es\/wp-json\/wp\/v2\/categories?post=237295"},{"taxonomy":"post_tag","embeddable":true,"href":"https:\/\/wmmaa.org\/es\/wp-json\/wp\/v2\/tags?post=237295"}],"curies":[{"name":"wp","href":"https:\/\/api.w.org\/{rel}","templated":true}]}}