{"id":235153,"date":"2022-08-15T23:40:47","date_gmt":"2022-08-15T20:40:47","guid":{"rendered":"https:\/\/wmmaa.org\/dominick-reyes-regresa-contra-ryan-spann-en-ufc-281-en-la-ciudad-de-nueva-york\/"},"modified":"2022-08-15T23:40:47","modified_gmt":"2022-08-15T20:40:47","slug":"dominick-reyes-regresa-contra-ryan-spann-en-ufc-281-en-la-ciudad-de-nueva-york","status":"publish","type":"post","link":"https:\/\/wmmaa.org\/es\/dominick-reyes-regresa-contra-ryan-spann-en-ufc-281-en-la-ciudad-de-nueva-york\/","title":{"rendered":"Dominick Reyes regresa contra Ryan Spann en UFC 281 en la ciudad de Nueva York"},"content":{"rendered":"<p>Dominick Reyes har\u00e1 su tan esperado regreso a la acci\u00f3n contra Ryan Spann en un enfrentamiento de peso semipesado programado para UFC 281 el 12 de noviembre en el Madison Square Garden en la ciudad de Nueva York.<\/p>\n<p>M\u00faltiples personas con conocimiento de los planes de la promoci\u00f3n confirmaron la noticia a MMA Fighting el lunes. <a rel=\"nofollow noopener\" target=\"_blank\" href=\"https:\/\/mmajunkie.usatoday.com\/2022\/08\/ufc-281-news-dominick-reyes-returns-ryan-spann-new-york\">Adicto a las MMA<\/a> inform\u00f3 inicialmente el enfrentamiento.<\/p>\n<p>Considerado durante mucho tiempo un campe\u00f3n potencial de las 205 libras, Reyes har\u00e1 su primera aparici\u00f3n en el UFC desde 2021, cuando sufri\u00f3 una derrota por nocaut ante Jiri Prochazka en una guerra salvaje de ida y vuelta. Esa pelea sirvi\u00f3 como la tercera derrota consecutiva de Reyes despu\u00e9s de caer ante Jan Blachowicz y Jon Jones en peleas consecutivas por el t\u00edtulo.<\/p>\n<p>Antes de esas derrotas, Reyes hab\u00eda ganado las primeras 12 peleas de su carrera con un r\u00e9cord impecable en UFC que inclu\u00eda victorias sobre Chris Weidman, Jared Cannonier y Volkan Oezdemir.<\/p>\n<p>Ahora, Reyes regresa para comenzar su ascenso en la escalera del peso semipesado.<\/p>\n<p>En cuanto a Spann, tendr\u00e1 una gran oportunidad de dar un paso adelante en la competencia mientras busca aprovechar su \u00faltima victoria sobre Ion Cutelaba en mayo. En general, ha tenido marca de 2-2 en sus \u00faltimas cuatro peleas, incluida una victoria adicional sobre Misha Cirkunov y perdi\u00f3 peleas ante Anthony Smith y Johnny Walker.<\/p>\n<p>UFC 281 est\u00e1 encabezado por el campe\u00f3n de peso mediano de UFC Israel Adesanya contra Alex Pereira en un evento principal de cinco asaltos. <\/p>\n<p><em>Mike Heck contribuy\u00f3 a este informe.<\/em><\/p>\n","protected":false},"excerpt":{"rendered":"<p>Dominick Reyes har\u00e1 su tan esperado regreso a la acci\u00f3n contra Ryan Spann en un enfrentamiento de peso semipesado programado para UFC 281 el 12 de noviembre en el Madison Square Garden en la ciudad de Nueva York. M\u00faltiples personas con conocimiento de los planes de la promoci\u00f3n confirmaron la noticia a MMA Fighting el [&hellip;]<\/p>\n","protected":false},"author":1,"featured_media":235131,"comment_status":"","ping_status":"open","sticky":false,"template":"","format":"standard","meta":{"footnotes":""},"categories":[1171],"tags":[],"_links":{"self":[{"href":"https:\/\/wmmaa.org\/es\/wp-json\/wp\/v2\/posts\/235153"}],"collection":[{"href":"https:\/\/wmmaa.org\/es\/wp-json\/wp\/v2\/posts"}],"about":[{"href":"https:\/\/wmmaa.org\/es\/wp-json\/wp\/v2\/types\/post"}],"author":[{"embeddable":true,"href":"https:\/\/wmmaa.org\/es\/wp-json\/wp\/v2\/users\/1"}],"replies":[{"embeddable":true,"href":"https:\/\/wmmaa.org\/es\/wp-json\/wp\/v2\/comments?post=235153"}],"version-history":[{"count":0,"href":"https:\/\/wmmaa.org\/es\/wp-json\/wp\/v2\/posts\/235153\/revisions"}],"wp:featuredmedia":[{"embeddable":true,"href":"https:\/\/wmmaa.org\/es\/wp-json\/wp\/v2\/media\/235131"}],"wp:attachment":[{"href":"https:\/\/wmmaa.org\/es\/wp-json\/wp\/v2\/media?parent=235153"}],"wp:term":[{"taxonomy":"category","embeddable":true,"href":"https:\/\/wmmaa.org\/es\/wp-json\/wp\/v2\/categories?post=235153"},{"taxonomy":"post_tag","embeddable":true,"href":"https:\/\/wmmaa.org\/es\/wp-json\/wp\/v2\/tags?post=235153"}],"curies":[{"name":"wp","href":"https:\/\/api.w.org\/{rel}","templated":true}]}}