{"id":235120,"date":"2022-08-15T23:16:41","date_gmt":"2022-08-15T20:16:41","guid":{"rendered":"https:\/\/wmmaa.org\/entonces-fury-se-fue-o-no-la-opinion-de-eddie-hearn\/"},"modified":"2022-08-15T23:16:41","modified_gmt":"2022-08-15T20:16:41","slug":"entonces-fury-se-fue-o-no-la-opinion-de-eddie-hearn","status":"publish","type":"post","link":"https:\/\/wmmaa.org\/es\/entonces-fury-se-fue-o-no-la-opinion-de-eddie-hearn\/","title":{"rendered":"Entonces, \u00bfFury se fue o no? La opini\u00f3n de Eddie Hearn"},"content":{"rendered":"<p><img decoding=\"async\" src=\"https:\/\/wmmaa.org\/wp-content\/uploads\/2022\/08\/b910b4799e06e974e5623fa57d37d6f1.png\" alt=\"\"><\/p>\n<div>\n<p> El principal promotor brit\u00e1nico, Eddie Hearn, coment\u00f3 sobre la decisi\u00f3n del campe\u00f3n mundial de peso pesado del CMB Tyson Fury (32-0-1, 23 KOs) de terminar su carrera en su 34 cumplea\u00f1os la semana pasada.\n<\/p>\n<p> Eddie prefiere no sacar conclusiones precipitadas y esperar el resultado de la revancha del s\u00e1bado entre Oleksandr Usyk y Anthony Joshua.\n<\/p>\n<p> \u201cAlguien me dijo que Tyson Fury ha anunciado su retiro nuevamente. Parece que es tan inseguro que lo hace cada vez que Anthony Joshua pelea\u201d, dijo Hearn. \u00abNo s\u00e9 en qu\u00e9 punto se supone que debes sentarte all\u00ed y decir: &#8216;Lo que voy a hacer es tirar mierda para quitar el enfoque de Joshua a m\u00ed&#8217;. Si te autoproclamaste el mejor peso pesado del mundo, \u00bfpor qu\u00e9 est\u00e1s tan preocupado por Joshua?\n<\/p>\n<p> \u201c\u00c9l no necesita dinero, pero quiere quinientos millones\u201d, recuerda el promotor. \u201cNunca hab\u00eda visto tantas contradicciones en nadie. Me contradigo todo el tiempo, pero \u00e9l est\u00e1 en otro nivel. Veamos qu\u00e9 sucede despu\u00e9s de que Joshua noquea a Usyk y luego viene tras Tyson Fury\u00bb.\n<\/p>\n<p> Mientras tanto, el Consejo Mundial de Boxeo fij\u00f3 una fecha l\u00edmite para Fury.\n<\/p>\n<p>\n <i><span>Fuente: <\/span><\/i><br \/>\n <a rel=\"nofollow noopener\" target=\"_blank\" href=\"https:\/\/www.youtube.com\/c\/ifltv\"><i><span>iFL TV<\/span><\/i><\/a><\/p>\n<\/p>\n<\/div>\n","protected":false},"excerpt":{"rendered":"<p>El principal promotor brit\u00e1nico, Eddie Hearn, coment\u00f3 sobre la decisi\u00f3n del campe\u00f3n mundial de peso pesado del CMB Tyson Fury (32-0-1, 23 KOs) de terminar su carrera en su 34 cumplea\u00f1os la semana pasada. Eddie prefiere no sacar conclusiones precipitadas y esperar el resultado de la revancha del s\u00e1bado entre Oleksandr Usyk y Anthony Joshua. [&hellip;]<\/p>\n","protected":false},"author":1,"featured_media":235085,"comment_status":"","ping_status":"open","sticky":false,"template":"","format":"standard","meta":{"footnotes":""},"categories":[1171],"tags":[],"_links":{"self":[{"href":"https:\/\/wmmaa.org\/es\/wp-json\/wp\/v2\/posts\/235120"}],"collection":[{"href":"https:\/\/wmmaa.org\/es\/wp-json\/wp\/v2\/posts"}],"about":[{"href":"https:\/\/wmmaa.org\/es\/wp-json\/wp\/v2\/types\/post"}],"author":[{"embeddable":true,"href":"https:\/\/wmmaa.org\/es\/wp-json\/wp\/v2\/users\/1"}],"replies":[{"embeddable":true,"href":"https:\/\/wmmaa.org\/es\/wp-json\/wp\/v2\/comments?post=235120"}],"version-history":[{"count":0,"href":"https:\/\/wmmaa.org\/es\/wp-json\/wp\/v2\/posts\/235120\/revisions"}],"wp:featuredmedia":[{"embeddable":true,"href":"https:\/\/wmmaa.org\/es\/wp-json\/wp\/v2\/media\/235085"}],"wp:attachment":[{"href":"https:\/\/wmmaa.org\/es\/wp-json\/wp\/v2\/media?parent=235120"}],"wp:term":[{"taxonomy":"category","embeddable":true,"href":"https:\/\/wmmaa.org\/es\/wp-json\/wp\/v2\/categories?post=235120"},{"taxonomy":"post_tag","embeddable":true,"href":"https:\/\/wmmaa.org\/es\/wp-json\/wp\/v2\/tags?post=235120"}],"curies":[{"name":"wp","href":"https:\/\/api.w.org\/{rel}","templated":true}]}}