{"id":233747,"date":"2022-08-14T16:16:39","date_gmt":"2022-08-14T13:16:39","guid":{"rendered":"https:\/\/wmmaa.org\/marlon-vera-pelea-con-dominick-cruz-video-resumen\/"},"modified":"2022-08-14T16:16:39","modified_gmt":"2022-08-14T13:16:39","slug":"marlon-vera-pelea-con-dominick-cruz-video-resumen","status":"publish","type":"post","link":"https:\/\/wmmaa.org\/es\/marlon-vera-pelea-con-dominick-cruz-video-resumen\/","title":{"rendered":"Marlon Vera pelea con Dominick Cruz video resumen"},"content":{"rendered":"<p>Mire Marlon Vera vs. Dominick Cruz en video de la pelea completa del evento principal de UFC San Diego, cortes\u00eda de UFC y otros medios. <\/p>\n<p>UFC San Diego se llev\u00f3 a cabo el 13 de agosto en el Pechanga Arena en San Diego, California. El candente contendiente Marlon Vera (20-7-1) se enfrent\u00f3 al ex campe\u00f3n de peso gallo de UFC Dominick Cruz (24-4) en el evento principal de la noche. ESPN y ESPN+ transmiten la pelea en vivo. <\/p>\n<p>Vea los momentos destacados del video a continuaci\u00f3n. <\/p>\n<div>\n<blockquote class=\"twitter-tweet\">\n<p lang=\"en\" dir=\"ltr\">El h\u00e9roe local hace su entrada <\/p>\n<p>[ <a rel=\"nofollow noopener\" target=\"_blank\" href=\"https:\/\/twitter.com\/hashtag\/UFCSanDiego?src=hash&amp;ref_src=twsrc%5Etfw\">#UFCSanDiego<\/a> | <a rel=\"nofollow noopener\" target=\"_blank\" href=\"https:\/\/twitter.com\/DominickCruz?ref_src=twsrc%5Etfw\">@DominickCruz<\/a> ] <a rel=\"nofollow noopener\" target=\"_blank\" href=\"https:\/\/t.co\/OEF229d3Lq\">pic.twitter.com\/OEF229d3Lq<\/a><\/p>\n<p>&#8212; UFC (@ufc) <a rel=\"nofollow noopener\" target=\"_blank\" href=\"https:\/\/twitter.com\/ufc\/status\/1558628701071462407?ref_src=twsrc%5Etfw\">14 de agosto de 2022<\/a>\n<\/p>\n<\/blockquote>\n<\/div>\n<div>\n<blockquote class=\"twitter-tweet\">\n<p lang=\"en\" dir=\"ltr\">\u00bfQui\u00e9n est\u00e1 listo para el <\/p>\n<p>[ <a rel=\"nofollow noopener\" target=\"_blank\" href=\"https:\/\/twitter.com\/hashtag\/UFCSanDiego?src=hash&amp;ref_src=twsrc%5Etfw\">#UFCSanDiego<\/a> | <a rel=\"nofollow noopener\" target=\"_blank\" href=\"https:\/\/twitter.com\/chitoveraUFC?ref_src=twsrc%5Etfw\">@ChitoVeraUFC<\/a> ] <a rel=\"nofollow noopener\" target=\"_blank\" href=\"https:\/\/t.co\/qmvEwH0xRo\">pic.twitter.com\/qmvEwH0xRo<\/a><\/p>\n<p>&#8212; UFC (@ufc) <a rel=\"nofollow noopener\" target=\"_blank\" href=\"https:\/\/twitter.com\/ufc\/status\/1558629246754586626?ref_src=twsrc%5Etfw\">14 de agosto de 2022<\/a>\n<\/p>\n<\/blockquote>\n<\/div>\n<div>\n<blockquote class=\"twitter-tweet\">\n<p lang=\"en\" dir=\"ltr\">Que comience la batalla <\/p>\n<p>[ <a rel=\"nofollow noopener\" target=\"_blank\" href=\"https:\/\/twitter.com\/hashtag\/UFCSanDiego?src=hash&amp;ref_src=twsrc%5Etfw\">#UFCSanDiego<\/a> | Tune in LIVE on <a rel=\"nofollow noopener\" target=\"_blank\" href=\"https:\/\/twitter.com\/espn?ref_src=twsrc%5Etfw\">@ESPN<\/a> ] <a rel=\"nofollow noopener\" target=\"_blank\" href=\"https:\/\/t.co\/4VLUxlwY1W\">pic.twitter.com\/4VLUxlwY1W<\/a><\/p>\n<p>&#8212; UFC (@ufc) <a rel=\"nofollow noopener\" target=\"_blank\" href=\"https:\/\/twitter.com\/ufc\/status\/1558630485445812224?ref_src=twsrc%5Etfw\">14 de agosto de 2022<\/a>\n<\/p>\n<\/blockquote>\n<\/div>\n<div>\n<blockquote class=\"twitter-tweet\">\n<p lang=\"es\" dir=\"ltr\">El poder de <a rel=\"nofollow noopener\" target=\"_blank\" href=\"https:\/\/twitter.com\/chitoveraUFC?ref_src=twsrc%5Etfw\">@chitoveraUFC<\/a> ya se nota en el primer round <a rel=\"nofollow noopener\" target=\"_blank\" href=\"https:\/\/twitter.com\/hashtag\/UFCSanDiego?src=hash&amp;ref_src=twsrc%5Etfw\">#UFCSanDiego<\/a> <a rel=\"nofollow noopener\" target=\"_blank\" href=\"https:\/\/t.co\/qBFqbNNF9p\">pic.twitter.com\/qBFqbNNF9p<\/a><\/p>\n<p>&#8212; UFC Espa\u00f1ol (@UFCEspanol) <a rel=\"nofollow noopener\" target=\"_blank\" href=\"https:\/\/twitter.com\/UFCEspanol\/status\/1558631916940808201?ref_src=twsrc%5Etfw\">14 de agosto de 2022<\/a>\n<\/p>\n<\/blockquote>\n<\/div>\n<div>\n<blockquote class=\"twitter-tweet\">\n<p lang=\"es\" dir=\"ltr\">Gran pateo y derechazo de <a rel=\"nofollow noopener\" target=\"_blank\" href=\"https:\/\/twitter.com\/DominickCruz?ref_src=twsrc%5Etfw\">@DominickCruz<\/a> para empezar la ronda <a rel=\"nofollow noopener\" target=\"_blank\" href=\"https:\/\/twitter.com\/hashtag\/UFCSanDiego?src=hash&amp;ref_src=twsrc%5Etfw\">#UFCSanDiego<\/a> <a rel=\"nofollow noopener\" target=\"_blank\" href=\"https:\/\/t.co\/JqXUYuGRCq\">pic.twitter.com\/JqXUYuGRCq<\/a><\/p>\n<p>&#8212; UFC Espa\u00f1ol (@UFCEspanol) <a rel=\"nofollow noopener\" target=\"_blank\" href=\"https:\/\/twitter.com\/UFCEspanol\/status\/1558632415597314048?ref_src=twsrc%5Etfw\">14 de agosto de 2022<\/a>\n<\/p>\n<\/blockquote>\n<\/div>\n<div>\n<blockquote class=\"twitter-tweet\">\n<p lang=\"es\" dir=\"ltr\">Esta pelea arde <a rel=\"nofollow noopener\" target=\"_blank\" href=\"https:\/\/twitter.com\/hashtag\/UFCSanDiego?src=hash&amp;ref_src=twsrc%5Etfw\">#UFCSanDiego<\/a> <a rel=\"nofollow noopener\" target=\"_blank\" href=\"https:\/\/t.co\/4P1sfQIEfL\">pic.twitter.com\/4P1sfQIEfL<\/a><\/p>\n<p>&#8212; UFC Espa\u00f1ol (@UFCEspanol) <a rel=\"nofollow noopener\" target=\"_blank\" href=\"https:\/\/twitter.com\/UFCEspanol\/status\/1558633822408900608?ref_src=twsrc%5Etfw\">14 de agosto de 2022<\/a>\n<\/p>\n<\/blockquote>\n<\/div>\n<div>\n<blockquote class=\"twitter-tweet\">\n<p lang=\"es\" dir=\"ltr\">Lo sienta de nuevo <a rel=\"nofollow noopener\" target=\"_blank\" href=\"https:\/\/twitter.com\/chitoveraUFC?ref_src=twsrc%5Etfw\">@chitoveraUFC<\/a> combinacion increible <a rel=\"nofollow noopener\" target=\"_blank\" href=\"https:\/\/twitter.com\/hashtag\/UFCSanDiego?src=hash&amp;ref_src=twsrc%5Etfw\">#UFCSanDiego<\/a> <a rel=\"nofollow noopener\" target=\"_blank\" href=\"https:\/\/t.co\/ivVzI03RmS\">pic.twitter.com\/ivVzI03RmS<\/a><\/p>\n<p>&#8212; UFC Espa\u00f1ol (@UFCEspanol) <a rel=\"nofollow noopener\" target=\"_blank\" href=\"https:\/\/twitter.com\/UFCEspanol\/status\/1558634267424563201?ref_src=twsrc%5Etfw\">14 de agosto de 2022<\/a>\n<\/p>\n<\/blockquote>\n<\/div>\n<div>\n<blockquote class=\"twitter-tweet\">\n<p lang=\"en\" dir=\"ltr\">\u00a1\u00a1\u00a1\u00a1\u00a1\u00a1\u00a1\u00a1\u00a1\u00a1\u00a1\u00a1\u00a1\u00a1\u00a1\u00a1\u00a1\u00a1\u00a1\u00a1\u00a1\u00a1\u00a1\u00a1\u00a1\u00a1\u00a1\u00a1\u00a1\u00a1\u00a1\u00a1\u00a1\u00a1\u00a1\u00a1\u00a1\u00a1\u00a1\u00a1\u00a1\u00a1\u00a1\u00a1\u00a1\u00a1\u00a1\u00a1\u00a1\u00a1\u00a1\u00a1\u00a1\u00a1\u00a1\u00a1\u00a1\u00a1\u00a1\u00a1\u00a1\u00a1\u00a1\u00a1\u00a1\u00a1\u00a1\u00a1\u00a1\u00a1\u00a1\u00a1\u00a1\u00a1\u00a1\u00a1\u00a1\u00a1\u00a1\u00a1! <\/p>\n<p>[ <a rel=\"nofollow noopener\" target=\"_blank\" href=\"https:\/\/twitter.com\/chitoveraUFC?ref_src=twsrc%5Etfw\">@ChitoVeraUFC<\/a> | <a rel=\"nofollow noopener\" target=\"_blank\" href=\"https:\/\/twitter.com\/hashtag\/UFCSanDiego?src=hash&amp;ref_src=twsrc%5Etfw\">#UFCSanDiego<\/a> ] <a rel=\"nofollow noopener\" target=\"_blank\" href=\"https:\/\/t.co\/d65uxmlEo5\">pic.twitter.com\/d65uxmlEo5<\/a><\/p>\n<p>&#8212; UFC (@ufc) <a rel=\"nofollow noopener\" target=\"_blank\" href=\"https:\/\/twitter.com\/ufc\/status\/1558636012422717441?ref_src=twsrc%5Etfw\">14 de agosto de 2022<\/a>\n<\/p>\n<\/blockquote>\n<\/div>\n<div>\n<blockquote class=\"twitter-tweet\">\n<p lang=\"en\" dir=\"ltr\">NO. PALABRAS. NECESARIO. <a rel=\"nofollow noopener\" target=\"_blank\" href=\"https:\/\/twitter.com\/hashtag\/UFCSanDiego?src=hash&amp;ref_src=twsrc%5Etfw\">#UFCSanDiego<\/a> <a rel=\"nofollow noopener\" target=\"_blank\" href=\"https:\/\/t.co\/jcO1IiHRTi\">pic.twitter.com\/jcO1IiHRTi<\/a><\/p>\n<p>&#8212; UFC (@ufc) <a rel=\"nofollow noopener\" target=\"_blank\" href=\"https:\/\/twitter.com\/ufc\/status\/1558636261203595265?ref_src=twsrc%5Etfw\">14 de agosto de 2022<\/a>\n<\/p>\n<\/blockquote>\n<\/div>\n<div>\n<blockquote class=\"twitter-tweet\">\n<p lang=\"es\" dir=\"ltr\">WOOOOW chitoveraUFC LO MANDA A DORMIR CON UNA PATADA DESCOMUNAL!! <a rel=\"nofollow noopener\" target=\"_blank\" href=\"https:\/\/twitter.com\/hashtag\/UFCSanDiego?src=hash&amp;ref_src=twsrc%5Etfw\">#UFCSanDiego<\/a> <a rel=\"nofollow noopener\" target=\"_blank\" href=\"https:\/\/t.co\/MrJoadYAl1\">pic.twitter.com\/MrJoadYAl1<\/a><\/p>\n<p>&#8212; UFC Espa\u00f1ol (@UFCEspanol) <a rel=\"nofollow noopener\" target=\"_blank\" href=\"https:\/\/twitter.com\/UFCEspanol\/status\/1558636368779218952?ref_src=twsrc%5Etfw\">14 de agosto de 2022<\/a>\n<\/p>\n<\/blockquote>\n<\/div>\n<div>\n<blockquote class=\"twitter-tweet\">\n<p lang=\"es\" dir=\"ltr\">Con la familia despues de su VICTORIA <a rel=\"nofollow noopener\" target=\"_blank\" href=\"https:\/\/twitter.com\/chitoveraUFC?ref_src=twsrc%5Etfw\">@chitoveraUFC<\/a> <a rel=\"nofollow noopener\" target=\"_blank\" href=\"https:\/\/twitter.com\/hashtag\/UFCSanDiego?src=hash&amp;ref_src=twsrc%5Etfw\">#UFCSanDiego<\/a> <a rel=\"nofollow noopener\" target=\"_blank\" href=\"https:\/\/t.co\/WFL4FvbCHT\">pic.twitter.com\/WFL4FvbCHT<\/a><\/p>\n<p>&#8212; UFC Espa\u00f1ol (@UFCEspanol) <a rel=\"nofollow noopener\" target=\"_blank\" href=\"https:\/\/twitter.com\/UFCEspanol\/status\/1558636826562273282?ref_src=twsrc%5Etfw\">14 de agosto de 2022<\/a>\n<\/p>\n<\/blockquote>\n<\/div>\n<div>\n<blockquote class=\"twitter-tweet\">\n<p lang=\"en\" dir=\"ltr\">EL SHOW DE CHITO LLEG\u00d3 Y ENTREG\u00d3 <\/p>\n<p>[ <a rel=\"nofollow noopener\" target=\"_blank\" href=\"https:\/\/twitter.com\/chitoveraUFC?ref_src=twsrc%5Etfw\">@ChitoVeraUFC<\/a> | <a rel=\"nofollow noopener\" target=\"_blank\" href=\"https:\/\/twitter.com\/hashtag\/UFCSanDiego?src=hash&amp;ref_src=twsrc%5Etfw\">#UFCSanDiego<\/a> | LIVE on <a rel=\"nofollow noopener\" target=\"_blank\" href=\"https:\/\/twitter.com\/espn?ref_src=twsrc%5Etfw\">@ESPN<\/a> ] <a rel=\"nofollow noopener\" target=\"_blank\" href=\"https:\/\/t.co\/6m2LiO6qZz\">pic.twitter.com\/6m2LiO6qZz<\/a><\/p>\n<p>&#8212; UFC (@ufc) <a rel=\"nofollow noopener\" target=\"_blank\" href=\"https:\/\/twitter.com\/ufc\/status\/1558636686787108864?ref_src=twsrc%5Etfw\">14 de agosto de 2022<\/a>\n<\/p>\n<\/blockquote>\n<\/div>\n<div>\n<blockquote class=\"twitter-tweet\">\n<p lang=\"en\" dir=\"ltr\">Todo es respeto de <a rel=\"nofollow noopener\" target=\"_blank\" href=\"https:\/\/twitter.com\/chitoveraUFC?ref_src=twsrc%5Etfw\">@ChitoVeraUFC<\/a>esta noche <a rel=\"nofollow noopener\" target=\"_blank\" href=\"https:\/\/twitter.com\/hashtag\/UFCSanDiego?src=hash&amp;ref_src=twsrc%5Etfw\">#UFCSanDiego<\/a> <a rel=\"nofollow noopener\" target=\"_blank\" href=\"https:\/\/t.co\/OgGyRpxJ7C\">pic.twitter.com\/OgGyRpxJ7C<\/a><\/p>\n<p>&#8212; UFC (@ufc) <a rel=\"nofollow noopener\" target=\"_blank\" href=\"https:\/\/twitter.com\/ufc\/status\/1558637174240714754?ref_src=twsrc%5Etfw\">14 de agosto de 2022<\/a>\n<\/p>\n<\/blockquote>\n<\/div>\n<p> Para obtener m\u00e1s informaci\u00f3n sobre Vera vs. Cruz, consulte el blog en vivo de Mike Heck en MMA Fighting. <\/p>\n<blockquote>\n<p><strong>La ronda 1: <\/strong>Joe Martinez tiene la arena encendida y estamos en marcha. <\/p>\n<p>Cruz ataca con una patada alta, seguida de un combo de varios golpes. Vera pega un jab. Cruz responde con un combo de pu\u00f1etazos. Cruz pierde mucho el bal\u00f3n durante esta primera ronda y luego conecta una fuerte patada en la pierna. Vera le da una patada al cuerpo a Cruz y Cruz tira al suelo a su oponente. Luego se reinicia. Vera lo sienta con un gran zurdazo y Cruz se recupera r\u00e1pido. <\/p>\n<p>Cruz es un hombre inteligente y se las arregla para conseguir una combinaci\u00f3n. El ex campe\u00f3n finge un derribo, Vera no se deja enga\u00f1ar y Cruz va al cuerpo. \u00daltimos 90 segundos de la ronda y se escucha un canto de \u00abChito\u00bb, para disgusto de los fan\u00e1ticos de Cruz en el edificio. Cruz regresa con una combinaci\u00f3n de casi 10 golpes que tuvo alg\u00fan efecto antes de que Cruz consiga un derribo en el momento perfecto. Quedan los \u00faltimos 30 segundos en la ronda, Cruz aterriza un par de pu\u00f1os de martillo. Vera lanza un tri\u00e1ngulo, casi recibe un brazo y Cruz vuelve a ponerse de pie. Un par de patadas en la pierna de Cruz y termina la ronda cerrada. Knockdown es la diferencia, a mis ojos. <strong>MMAFighting anota la ronda 10-9 para Vera<\/strong><\/p>\n<p><strong>La ronda 2: <\/strong>Cruz contin\u00faa con la actividad y Vera aterriza un derechazo de contraataque. Cruz bloquea patada alta, \u00abChito\u00bb no falla patada frontal. Vera responde de regreso y Cruz conecta una combinaci\u00f3n dura. <\/p>\n<p>A la mitad del round y una dura patada en la pierna de Cruz aterriza, patada frontal al cuerpo de Vera. Es incre\u00edble presenciar el movimiento y juego de piernas de Cruz contra Vera. Buena mano izquierda arriba de Cruz, Vera aterriza con m\u00e1s impacto detr\u00e1s que env\u00eda a Cruz a retroceder moment\u00e1neamente. <\/p>\n<p>Cruz con una patada al cuerpo y un derechazo, ambos bloqueados por Vera. Intento de derribo defendido por Vera con 20 segundos para el final. 17 Finales de ronda. <strong>MMAFighting anota la ronda 10-9 para Cruz, 19-19 en general<\/strong><\/p>\n<p><strong>Ronda 3:<\/strong> Aqu\u00ed es cuando Cruz realmente comienza a ponerse en marcha, t\u00edpicamente en sus peleas, por lo que este ser\u00e1 un tercer asalto muy interesante. <\/p>\n<p>Cruz conecta una poderosa y pesada patada en la pierna y la sigue con una r\u00e1faga agresiva. Luego, retrocede y reinicia. Vera busca un tiro frontal en el medio. Cruz anota con una patada en la pierna, antes de que Cruz se siente con un doble jab de derecha. <\/p>\n<p>Cruz intenta fingir un derribo, casi tomando una izquierda de Vera. Punto medio de la ronda y Vera est\u00e1 comenzando a encontrar su rango un poco m\u00e1s, conectando uno duro, dos. Cruz dispara para un derribo. Vera se desploma y responde con un zurdazo. Los \u00faltimos 90 segundos de la ronda, Vera conecta una mano izquierda, Cruz se mueve bien y falla con un gancho de izquierda. <\/p>\n<p>Adelante se esfuerza Cruz, que pega en el cuerpo y dispara en Vera. Vera se separa, conecta un jab y lanza una patada alta antes de que suene la bocina. <strong>MMAFighting anota la ronda 10-9 y la pelea 29-28 en general para Vera<\/strong><\/p>\n<p><strong>Ronda 4: <\/strong>Cruz dispara desde lejos, Vera se desploma, Cruz aterriza con la mano izquierda y finge otro derribo. La mano derecha de Cruz aterriza en la mejilla de Vera, y luego \u00abChito\u00bb deja caer a Cruz, quien deja caer a Cruz con otro jab. <\/p>\n<p>Tres ca\u00eddas para Vera hasta el momento en que Cruz conecta una mano izquierda. Vera conecta una incre\u00edble patada en la cabeza y Cruz sale casi volando y cae sobre la lona. Dean interrumpe el partido deteniendo a Vera con un par de seguimientos. Vera es un gran final! <\/p>\n<p><strong>Marlon Vera derrot\u00f3. Dominick Cruz v\u00eda KO &#8211; Ronda 4, 2:17<\/strong><\/p>\n<\/blockquote>\n","protected":false},"excerpt":{"rendered":"<p>Mire Marlon Vera vs. Dominick Cruz en video de la pelea completa del evento principal de UFC San Diego, cortes\u00eda de UFC y otros medios. UFC San Diego se llev\u00f3 a cabo el 13 de agosto en el Pechanga Arena en San Diego, California. El candente contendiente Marlon Vera (20-7-1) se enfrent\u00f3 al ex campe\u00f3n [&hellip;]<\/p>\n","protected":false},"author":1,"featured_media":233331,"comment_status":"","ping_status":"open","sticky":false,"template":"","format":"standard","meta":{"footnotes":""},"categories":[1171],"tags":[],"_links":{"self":[{"href":"https:\/\/wmmaa.org\/es\/wp-json\/wp\/v2\/posts\/233747"}],"collection":[{"href":"https:\/\/wmmaa.org\/es\/wp-json\/wp\/v2\/posts"}],"about":[{"href":"https:\/\/wmmaa.org\/es\/wp-json\/wp\/v2\/types\/post"}],"author":[{"embeddable":true,"href":"https:\/\/wmmaa.org\/es\/wp-json\/wp\/v2\/users\/1"}],"replies":[{"embeddable":true,"href":"https:\/\/wmmaa.org\/es\/wp-json\/wp\/v2\/comments?post=233747"}],"version-history":[{"count":0,"href":"https:\/\/wmmaa.org\/es\/wp-json\/wp\/v2\/posts\/233747\/revisions"}],"wp:featuredmedia":[{"embeddable":true,"href":"https:\/\/wmmaa.org\/es\/wp-json\/wp\/v2\/media\/233331"}],"wp:attachment":[{"href":"https:\/\/wmmaa.org\/es\/wp-json\/wp\/v2\/media?parent=233747"}],"wp:term":[{"taxonomy":"category","embeddable":true,"href":"https:\/\/wmmaa.org\/es\/wp-json\/wp\/v2\/categories?post=233747"},{"taxonomy":"post_tag","embeddable":true,"href":"https:\/\/wmmaa.org\/es\/wp-json\/wp\/v2\/tags?post=233747"}],"curies":[{"name":"wp","href":"https:\/\/api.w.org\/{rel}","templated":true}]}}