{"id":230024,"date":"2022-08-10T20:34:13","date_gmt":"2022-08-10T17:34:13","guid":{"rendered":"https:\/\/wmmaa.org\/jiri-prochazka-respondio-al-desafio-de-jan-blachowicz\/"},"modified":"2022-08-10T20:34:13","modified_gmt":"2022-08-10T17:34:13","slug":"jiri-prochazka-respondio-al-desafio-de-jan-blachowicz","status":"publish","type":"post","link":"https:\/\/wmmaa.org\/es\/jiri-prochazka-respondio-al-desafio-de-jan-blachowicz\/","title":{"rendered":"Ji\u0159\u00ed Prochazka respondi\u00f3 al desaf\u00edo de Jan Blachowicz"},"content":{"rendered":"<div id=\"feat-img-reg\" class=\"relative\">\n<\/div>\n<div class=\"itemIntroText\">\n<p>El actual poseedor del t\u00edtulo de peso semipesado de UFC, Ji\u0159\u00ed Prochazka, respondi\u00f3 a una llamada del ex campe\u00f3n de divisi\u00f3n Jan Blachowicz, quien recientemente se dirigi\u00f3 a la gerencia de la organizaci\u00f3n para darle una oportunidad inmediata por el t\u00edtulo.<\/p>\n<\/div>\n<div class=\"yandex_rtb_wrapper\">\n<div id=\"yandex_rtb_R-A-108029-34\"><\/div>\n<\/div>\n<div class=\"itemFullText\">\n<blockquote>\n<p>\u201cNunca te promet\u00ed una pelea, Jan Blachowicz\u201d, escribi\u00f3 el peleador checo en las redes sociales, refiri\u00e9ndose al polaco.  \u201cSolo dije que eres un desaf\u00edo que me interesa.  En segundo lugar, estoy esperando una respuesta de Teixeira.  Glover, si no est\u00e1s interesado, h\u00e1zmelo saber.  Quiero pelear antes de que termine este a\u00f1o.  No importa con quien\u00bb<\/p>\n<\/blockquote>\n<p>Recordemos que en junio de este a\u00f1o, Jiri Prochazka le quit\u00f3 el t\u00edtulo de peso semipesado de la UFC a Glover Teixeira, rematando al campe\u00f3n por estrangulamiento trasero desnudo medio minuto antes del final de la pelea a cinco asaltos, tras lo cual anunci\u00f3 su disposici\u00f3n a dar el Brasile\u00f1o una venganza inmediata.<\/p>\n<p>En cuanto a Blachowicz, perdi\u00f3 su cintur\u00f3n de campe\u00f3n en octubre del a\u00f1o pasado, perdiendo ante Teixeira por estrangulamiento en la segunda ronda, y en mayo de este a\u00f1o, el peso semipesado polaco volvi\u00f3 su carrera a un camino exitoso, derrotando a Aleksander Rakic, quien se lesion\u00f3 el rodilla en el tercer per\u00edodo de cinco minutos y no pudo continuar la pelea.<\/p>\n<\/p><\/div>\n<p>    .<\/p>\n","protected":false},"excerpt":{"rendered":"<p>El actual poseedor del t\u00edtulo de peso semipesado de UFC, Ji\u0159\u00ed Prochazka, respondi\u00f3 a una llamada del ex campe\u00f3n de divisi\u00f3n Jan Blachowicz, quien recientemente se dirigi\u00f3 a la gerencia de la organizaci\u00f3n para darle una oportunidad inmediata por el t\u00edtulo. \u201cNunca te promet\u00ed una pelea, Jan Blachowicz\u201d, escribi\u00f3 el peleador checo en las redes [&hellip;]<\/p>\n","protected":false},"author":1,"featured_media":230015,"comment_status":"","ping_status":"open","sticky":false,"template":"","format":"standard","meta":{"footnotes":""},"categories":[1],"tags":[240,547],"_links":{"self":[{"href":"https:\/\/wmmaa.org\/es\/wp-json\/wp\/v2\/posts\/230024"}],"collection":[{"href":"https:\/\/wmmaa.org\/es\/wp-json\/wp\/v2\/posts"}],"about":[{"href":"https:\/\/wmmaa.org\/es\/wp-json\/wp\/v2\/types\/post"}],"author":[{"embeddable":true,"href":"https:\/\/wmmaa.org\/es\/wp-json\/wp\/v2\/users\/1"}],"replies":[{"embeddable":true,"href":"https:\/\/wmmaa.org\/es\/wp-json\/wp\/v2\/comments?post=230024"}],"version-history":[{"count":0,"href":"https:\/\/wmmaa.org\/es\/wp-json\/wp\/v2\/posts\/230024\/revisions"}],"wp:featuredmedia":[{"embeddable":true,"href":"https:\/\/wmmaa.org\/es\/wp-json\/wp\/v2\/media\/230015"}],"wp:attachment":[{"href":"https:\/\/wmmaa.org\/es\/wp-json\/wp\/v2\/media?parent=230024"}],"wp:term":[{"taxonomy":"category","embeddable":true,"href":"https:\/\/wmmaa.org\/es\/wp-json\/wp\/v2\/categories?post=230024"},{"taxonomy":"post_tag","embeddable":true,"href":"https:\/\/wmmaa.org\/es\/wp-json\/wp\/v2\/tags?post=230024"}],"curies":[{"name":"wp","href":"https:\/\/api.w.org\/{rel}","templated":true}]}}