{"id":228689,"date":"2022-08-09T10:42:50","date_gmt":"2022-08-09T07:42:50","guid":{"rendered":"https:\/\/wmmaa.org\/tony-ferguson-se-ha-unido-al-famoso-equipo\/"},"modified":"2022-08-09T10:42:50","modified_gmt":"2022-08-09T07:42:50","slug":"tony-ferguson-se-ha-unido-al-famoso-equipo","status":"publish","type":"post","link":"https:\/\/wmmaa.org\/es\/tony-ferguson-se-ha-unido-al-famoso-equipo\/","title":{"rendered":"Tony Ferguson se ha unido al famoso equipo"},"content":{"rendered":"<div id=\"feat-img-reg\" class=\"relative\">\n<\/div>\n<div class=\"itemIntroText\">\n<p>El ex campe\u00f3n interino de peso ligero de UFC, Tony Ferguson, se decidi\u00f3 por un equipo que lo ayudar\u00e1 a volver a encarrilar su carrera.<\/p>\n<\/div>\n<div class=\"yandex_rtb_wrapper\">\n<div id=\"yandex_rtb_R-A-108029-34\"><\/div>\n<\/div>\n<div class=\"itemFullText\">\n<p>Representantes del club Jackson-Wink MMA anunciaron oficialmente que Ferguson se convirti\u00f3 en miembro de su gimnasio, y el luchador confirm\u00f3 esta informaci\u00f3n en sus redes sociales.<\/p>\n<blockquote>\n<p>\u00abBienvenido, Tony Ferguson\u00bb, se lee en la entrada de la cuenta oficial del equipo.<\/p>\n<\/blockquote>\n<p>Por el momento, Tony Ferguson, de 38 a\u00f1os, est\u00e1 en una serie de cuatro derrotas, la \u00faltima de las cuales sufri\u00f3 en mayo de este a\u00f1o, cayendo por nocaut en el segundo asalto ante Michael Chandler.<\/p>\n<p>Despu\u00e9s de un enfrentamiento fallido con el ex campe\u00f3n de Bellator, Ferguson, quien practicaba el autoentrenamiento, anunci\u00f3 que confiar\u00eda su proceso de entrenamiento a especialistas y se convertir\u00eda en miembro de un equipo profesional.<\/p>\n<\/p><\/div>\n<p>    .<\/p>\n","protected":false},"excerpt":{"rendered":"<p>El ex campe\u00f3n interino de peso ligero de UFC, Tony Ferguson, se decidi\u00f3 por un equipo que lo ayudar\u00e1 a volver a encarrilar su carrera. Representantes del club Jackson-Wink MMA anunciaron oficialmente que Ferguson se convirti\u00f3 en miembro de su gimnasio, y el luchador confirm\u00f3 esta informaci\u00f3n en sus redes sociales. \u00abBienvenido, Tony Ferguson\u00bb, se [&hellip;]<\/p>\n","protected":false},"author":1,"featured_media":228680,"comment_status":"","ping_status":"open","sticky":false,"template":"","format":"standard","meta":{"footnotes":""},"categories":[1],"tags":[134],"_links":{"self":[{"href":"https:\/\/wmmaa.org\/es\/wp-json\/wp\/v2\/posts\/228689"}],"collection":[{"href":"https:\/\/wmmaa.org\/es\/wp-json\/wp\/v2\/posts"}],"about":[{"href":"https:\/\/wmmaa.org\/es\/wp-json\/wp\/v2\/types\/post"}],"author":[{"embeddable":true,"href":"https:\/\/wmmaa.org\/es\/wp-json\/wp\/v2\/users\/1"}],"replies":[{"embeddable":true,"href":"https:\/\/wmmaa.org\/es\/wp-json\/wp\/v2\/comments?post=228689"}],"version-history":[{"count":0,"href":"https:\/\/wmmaa.org\/es\/wp-json\/wp\/v2\/posts\/228689\/revisions"}],"wp:featuredmedia":[{"embeddable":true,"href":"https:\/\/wmmaa.org\/es\/wp-json\/wp\/v2\/media\/228680"}],"wp:attachment":[{"href":"https:\/\/wmmaa.org\/es\/wp-json\/wp\/v2\/media?parent=228689"}],"wp:term":[{"taxonomy":"category","embeddable":true,"href":"https:\/\/wmmaa.org\/es\/wp-json\/wp\/v2\/categories?post=228689"},{"taxonomy":"post_tag","embeddable":true,"href":"https:\/\/wmmaa.org\/es\/wp-json\/wp\/v2\/tags?post=228689"}],"curies":[{"name":"wp","href":"https:\/\/api.w.org\/{rel}","templated":true}]}}