{"id":224818,"date":"2022-08-05T08:46:14","date_gmt":"2022-08-05T05:46:14","guid":{"rendered":"https:\/\/wmmaa.org\/el-peso-pesado-de-ufc-tom-aspinall-es-diagnosticado\/"},"modified":"2022-08-05T08:46:14","modified_gmt":"2022-08-05T05:46:14","slug":"el-peso-pesado-de-ufc-tom-aspinall-es-diagnosticado","status":"publish","type":"post","link":"https:\/\/wmmaa.org\/es\/el-peso-pesado-de-ufc-tom-aspinall-es-diagnosticado\/","title":{"rendered":"El peso pesado de UFC Tom Aspinall es diagnosticado"},"content":{"rendered":"<div id=\"feat-img-reg\" class=\"relative\">\n<\/div>\n<div class=\"itemIntroText\">\n<p>El peso pesado de UFC Tom Aspinall, quien se lesion\u00f3 hace diez d\u00edas en un duelo contra Curtis Blades, se someti\u00f3 a una cirug\u00eda exitosa por un desgarro de menisco, as\u00ed como un ligamento cruzado anterior y lateral de la rodilla.<\/p>\n<\/div>\n<div class=\"yandex_rtb_wrapper\">\n<div id=\"yandex_rtb_R-A-108029-34\"><\/div>\n<\/div>\n<div class=\"itemFullText\">\n<blockquote>\n<p>\u00abBuenos dias a todos.  Hoy es el d\u00eda de la operaci\u00f3n\u201d, dijo el brit\u00e1nico en la red social.  \u201cAhora estoy en Londres y me muero de hambre porque no puedo comer antes de la operaci\u00f3n.  Tengo rotura de menisco, ligamento cruzado anterior y lateral de la rodilla.  Solo quiero agradecer a todos los que me apoyan y nos vemos del otro lado\u201d.<\/p>\n<p>\u201c\u00bfQui\u00e9n quiere montarme?\u201d, escribi\u00f3 Aspinall horas despu\u00e9s, publicando una foto postoperatoria en silla de ruedas y con muletas.<\/p>\n<\/blockquote>\n<p><img alt='d0b0d181d0bfd0b8d0bdd0b0d0bbd0bb_d0bed0bfd0b5d180d0b0d186d0b8d18f' src='https:\/\/wmmaa.org\/wp-content\/uploads\/2022\/08\/D0B0D181D0BFD0B8D0BDD0B0D0BBD0BB_D0BED0BFD0B5D180D0B0D186D0B8D18F.jpg' alt=\"\"><\/p>\n<p>Todav\u00eda no se sabe cu\u00e1nto tiempo llevar\u00e1 el proceso de recuperaci\u00f3n de peso pesado.<\/p>\n<p>Recordemos que la pelea de pesos completos, que encabez\u00f3 el torneo UFC Fight Night 208 en Londres el pasado 23 de julio, finaliz\u00f3 ya en el segundo 15 despu\u00e9s de que el peleador brit\u00e1nico pateara al oponente en el muslo y cayera a la lona, \u200b\u200bagarr\u00e1ndose la rodilla.<\/p>\n<\/p><\/div>\n<p>    .<\/p>\n","protected":false},"excerpt":{"rendered":"<p>El peso pesado de UFC Tom Aspinall, quien se lesion\u00f3 hace diez d\u00edas en un duelo contra Curtis Blades, se someti\u00f3 a una cirug\u00eda exitosa por un desgarro de menisco, as\u00ed como un ligamento cruzado anterior y lateral de la rodilla. \u00abBuenos dias a todos. Hoy es el d\u00eda de la operaci\u00f3n\u201d, dijo el brit\u00e1nico [&hellip;]<\/p>\n","protected":false},"author":1,"featured_media":224809,"comment_status":"","ping_status":"open","sticky":false,"template":"","format":"standard","meta":{"footnotes":""},"categories":[1],"tags":[356],"_links":{"self":[{"href":"https:\/\/wmmaa.org\/es\/wp-json\/wp\/v2\/posts\/224818"}],"collection":[{"href":"https:\/\/wmmaa.org\/es\/wp-json\/wp\/v2\/posts"}],"about":[{"href":"https:\/\/wmmaa.org\/es\/wp-json\/wp\/v2\/types\/post"}],"author":[{"embeddable":true,"href":"https:\/\/wmmaa.org\/es\/wp-json\/wp\/v2\/users\/1"}],"replies":[{"embeddable":true,"href":"https:\/\/wmmaa.org\/es\/wp-json\/wp\/v2\/comments?post=224818"}],"version-history":[{"count":0,"href":"https:\/\/wmmaa.org\/es\/wp-json\/wp\/v2\/posts\/224818\/revisions"}],"wp:featuredmedia":[{"embeddable":true,"href":"https:\/\/wmmaa.org\/es\/wp-json\/wp\/v2\/media\/224809"}],"wp:attachment":[{"href":"https:\/\/wmmaa.org\/es\/wp-json\/wp\/v2\/media?parent=224818"}],"wp:term":[{"taxonomy":"category","embeddable":true,"href":"https:\/\/wmmaa.org\/es\/wp-json\/wp\/v2\/categories?post=224818"},{"taxonomy":"post_tag","embeddable":true,"href":"https:\/\/wmmaa.org\/es\/wp-json\/wp\/v2\/tags?post=224818"}],"curies":[{"name":"wp","href":"https:\/\/api.w.org\/{rel}","templated":true}]}}