{"id":183294,"date":"2022-06-15T09:28:54","date_gmt":"2022-06-15T06:28:54","guid":{"rendered":"https:\/\/wmmaa.org\/la-pelea-entre-jose-aldo-y-merab-dvalishvili-esta-en-desarrollo\/"},"modified":"2022-06-15T09:28:54","modified_gmt":"2022-06-15T06:28:54","slug":"la-pelea-entre-jose-aldo-y-merab-dvalishvili-esta-en-desarrollo","status":"publish","type":"post","link":"https:\/\/wmmaa.org\/es\/la-pelea-entre-jose-aldo-y-merab-dvalishvili-esta-en-desarrollo\/","title":{"rendered":"La pelea entre Jose Aldo y Merab Dvalishvili est\u00e1 en desarrollo"},"content":{"rendered":"<div id=\"feat-img-reg\" class=\"relative\">\n<\/div>\n<div class=\"itemIntroText\">\n<p>La pelea de peso gallo entre Jos\u00e9 Aldo y Merab Dvalishvili podr\u00eda ser parte del torneo UFC 278, que se llevar\u00e1 a cabo el 20 de agosto en Salt Lake City.<\/p>\n<\/div>\n<div class=\"yandex_rtb_wrapper\">\n<div id=\"yandex_rtb_R-A-108029-34\"><\/div>\n<\/div>\n<div class=\"itemFullText\">\n<p>Por el momento, la pelea se encuentra en desarrollo, as\u00ed lo inform\u00f3 el conocido columnista deportivo Ariel Helwani, citando fuentes bien informadas.<\/p>\n<p>Jos\u00e9 Aldo, de 35 a\u00f1os, est\u00e1 en una racha de tres peleas con victorias por decisi\u00f3n sobre Marlon Vera, Pedro Mu\u00f1oz y Rob Font, mientras que Merab Dvalishvili, de 31 a\u00f1os, ha ganado siete peleas seguidas, la \u00faltima de las cuales termin\u00f3 con un nocaut t\u00e9cnico en el segundo asalto. contra Marlon Moraes.<\/p>\n<p>Por el momento, Jos\u00e9 Aldo y Merab Dvalishivili ocupan el tercer y sexto lugar en la divisi\u00f3n de peso gallo de UFC, respectivamente.<\/p>\n<div id=\"mc-poll\"><\/div>\n<\/p><\/div>\n<p>    .<\/p>\n","protected":false},"excerpt":{"rendered":"<p>La pelea de peso gallo entre Jos\u00e9 Aldo y Merab Dvalishvili podr\u00eda ser parte del torneo UFC 278, que se llevar\u00e1 a cabo el 20 de agosto en Salt Lake City. Por el momento, la pelea se encuentra en desarrollo, as\u00ed lo inform\u00f3 el conocido columnista deportivo Ariel Helwani, citando fuentes bien informadas. Jos\u00e9 Aldo, [&hellip;]<\/p>\n","protected":false},"author":1,"featured_media":183285,"comment_status":"","ping_status":"open","sticky":false,"template":"","format":"standard","meta":{"footnotes":""},"categories":[1],"tags":[522,552],"_links":{"self":[{"href":"https:\/\/wmmaa.org\/es\/wp-json\/wp\/v2\/posts\/183294"}],"collection":[{"href":"https:\/\/wmmaa.org\/es\/wp-json\/wp\/v2\/posts"}],"about":[{"href":"https:\/\/wmmaa.org\/es\/wp-json\/wp\/v2\/types\/post"}],"author":[{"embeddable":true,"href":"https:\/\/wmmaa.org\/es\/wp-json\/wp\/v2\/users\/1"}],"replies":[{"embeddable":true,"href":"https:\/\/wmmaa.org\/es\/wp-json\/wp\/v2\/comments?post=183294"}],"version-history":[{"count":0,"href":"https:\/\/wmmaa.org\/es\/wp-json\/wp\/v2\/posts\/183294\/revisions"}],"wp:featuredmedia":[{"embeddable":true,"href":"https:\/\/wmmaa.org\/es\/wp-json\/wp\/v2\/media\/183285"}],"wp:attachment":[{"href":"https:\/\/wmmaa.org\/es\/wp-json\/wp\/v2\/media?parent=183294"}],"wp:term":[{"taxonomy":"category","embeddable":true,"href":"https:\/\/wmmaa.org\/es\/wp-json\/wp\/v2\/categories?post=183294"},{"taxonomy":"post_tag","embeddable":true,"href":"https:\/\/wmmaa.org\/es\/wp-json\/wp\/v2\/tags?post=183294"}],"curies":[{"name":"wp","href":"https:\/\/api.w.org\/{rel}","templated":true}]}}