{"id":166451,"date":"2022-05-28T20:53:38","date_gmt":"2022-05-28T17:53:38","guid":{"rendered":"https:\/\/wmmaa.org\/alexander-volkov-cambio-el-equipo-antes-de-la-proxima-pelea-en-ufc\/"},"modified":"2022-05-28T20:53:38","modified_gmt":"2022-05-28T17:53:38","slug":"alexander-volkov-cambio-el-equipo-antes-de-la-proxima-pelea-en-ufc","status":"publish","type":"post","link":"https:\/\/wmmaa.org\/es\/alexander-volkov-cambio-el-equipo-antes-de-la-proxima-pelea-en-ufc\/","title":{"rendered":"Alexander Volkov cambi\u00f3 el equipo antes de la pr\u00f3xima pelea en UFC"},"content":{"rendered":"<div id=\"feat-img-reg\" class=\"relative\">\n<\/div>\n<div class=\"itemIntroText\">\n<p>El s\u00e9ptimo n\u00famero de la divisi\u00f3n de peso pesado de UFC, Alexander Volkov, quien sufri\u00f3 una aplastante derrota ante Tom Aspinall hace dos meses, cont\u00f3 c\u00f3mo cambi\u00f3 su proceso de entrenamiento para volver a la senda ganadora en el enfrentamiento con el golpeador surinam\u00e9s Jairzinho Rozenstruik.<\/p>\n<\/div>\n<div class=\"yandex_rtb_wrapper\">\n<div id=\"yandex_rtb_R-A-108029-34\"><\/div>\n<\/div>\n<div class=\"itemFullText\">\n<blockquote>\n<p>\u201cTengo pensamientos e ideas sobre mi crecimiento profesional, y la \u00faltima pelea me empuj\u00f3 a cambiar\u201d, dijo Drago en una entrevista con Sherdog.  \u201cEsta vez no me prepar\u00e9 en Mosc\u00fa.  Traslad\u00e9 mi campamento a la base deportiva ol\u00edmpica, ubicada a una altitud de aproximadamente un kil\u00f3metro y medio sobre el nivel del mar, donde entren\u00e9 con nuevos sparring y entrenadores.  Creo que estos cambios han tenido un efecto positivo.  El aire y el clima de la monta\u00f1a han mejorado mi resistencia y estado f\u00edsico, y estoy listo para cinco rondas de trabajo duro en el oct\u00e1gono\u00bb.<\/p>\n<\/blockquote>\n<p>El ruso cree que la pr\u00f3xima pelea se llevar\u00e1 a cabo de pie y le permitir\u00e1 mostrar sus mejores cualidades.<\/p>\n<blockquote>\n<p>\u201cMis compa\u00f1eros de sparring eran tipos grandes con grandes golpes.  Copiaron perfectamente el estilo de mi pr\u00f3ximo oponente.  Aunque no tuve mucho tiempo para prepararme, logr\u00e9 hacer mucho trabajo y llegar\u00e9 a la pelea en gran forma.  Es bueno para m\u00ed que mi pr\u00f3ximo oponente sea un golpeador y probablemente prefiera pelear en el estrado.  Creo que soy m\u00e1s t\u00e9cnico y m\u00e1s fuerte que \u00e9l, pero tengo que tener cuidado desde el primer segundo de la pelea hasta el \u00faltimo, para no perder su ataque.  Puedo decir que yo mismo tengo algo con lo que sorprenderlo.  Acept\u00e9 esta pelea con un mes de anticipaci\u00f3n y estoy feliz de aprovechar esta oportunidad para probarme a m\u00ed mismo y tener una buena pelea\u00bb.<\/p>\n<\/blockquote>\n<p>Despu\u00e9s de perder ante Aspinall por brazo en la primera ronda, Volkov admite que se acerc\u00f3 a la pelea con el brit\u00e1nico en mala forma f\u00edsica y mental.<\/p>\n<blockquote>\n<p>\u201cTodo lo que puedo decir sobre esa pelea es que mi oponente fue m\u00e1s fuerte que yo esa noche y tuve ciertos problemas con la preparaci\u00f3n y la moral.  Sea lo que sea, es parte del juego.  No fui lo suficientemente decidido y sucumb\u00ed a la presi\u00f3n externa.  Tal vez necesitaba hacer ciertos cambios en mi estilo de vida y distanciarme del flujo de informaci\u00f3n para concentrarme mejor en el entrenamiento.<\/p>\n<\/blockquote>\n<p>Recordemos que la pelea de peso pesado entre Alexander Volkov y Jairzinho Rozenstruik ser\u00e1 el evento principal del torneo UFC Fight Night 207, que se llevar\u00e1 a cabo el 4 de junio en Las Vegas.<\/p>\n<\/p><\/div>\n<p>    .<\/p>\n","protected":false},"excerpt":{"rendered":"<p>El s\u00e9ptimo n\u00famero de la divisi\u00f3n de peso pesado de UFC, Alexander Volkov, quien sufri\u00f3 una aplastante derrota ante Tom Aspinall hace dos meses, cont\u00f3 c\u00f3mo cambi\u00f3 su proceso de entrenamiento para volver a la senda ganadora en el enfrentamiento con el golpeador surinam\u00e9s Jairzinho Rozenstruik. \u201cTengo pensamientos e ideas sobre mi crecimiento profesional, y [&hellip;]<\/p>\n","protected":false},"author":1,"featured_media":166442,"comment_status":"","ping_status":"open","sticky":false,"template":"","format":"standard","meta":{"footnotes":""},"categories":[1],"tags":[1455,475,2457],"_links":{"self":[{"href":"https:\/\/wmmaa.org\/es\/wp-json\/wp\/v2\/posts\/166451"}],"collection":[{"href":"https:\/\/wmmaa.org\/es\/wp-json\/wp\/v2\/posts"}],"about":[{"href":"https:\/\/wmmaa.org\/es\/wp-json\/wp\/v2\/types\/post"}],"author":[{"embeddable":true,"href":"https:\/\/wmmaa.org\/es\/wp-json\/wp\/v2\/users\/1"}],"replies":[{"embeddable":true,"href":"https:\/\/wmmaa.org\/es\/wp-json\/wp\/v2\/comments?post=166451"}],"version-history":[{"count":0,"href":"https:\/\/wmmaa.org\/es\/wp-json\/wp\/v2\/posts\/166451\/revisions"}],"wp:featuredmedia":[{"embeddable":true,"href":"https:\/\/wmmaa.org\/es\/wp-json\/wp\/v2\/media\/166442"}],"wp:attachment":[{"href":"https:\/\/wmmaa.org\/es\/wp-json\/wp\/v2\/media?parent=166451"}],"wp:term":[{"taxonomy":"category","embeddable":true,"href":"https:\/\/wmmaa.org\/es\/wp-json\/wp\/v2\/categories?post=166451"},{"taxonomy":"post_tag","embeddable":true,"href":"https:\/\/wmmaa.org\/es\/wp-json\/wp\/v2\/tags?post=166451"}],"curies":[{"name":"wp","href":"https:\/\/api.w.org\/{rel}","templated":true}]}}