{"id":163368,"date":"2022-05-25T13:04:30","date_gmt":"2022-05-25T10:04:30","guid":{"rendered":"https:\/\/wmmaa.org\/marlon-vera-promete-frenar-a-peter-yan\/"},"modified":"2022-05-25T13:04:30","modified_gmt":"2022-05-25T10:04:30","slug":"marlon-vera-promete-frenar-a-peter-yan","status":"publish","type":"post","link":"https:\/\/wmmaa.org\/es\/marlon-vera-promete-frenar-a-peter-yan\/","title":{"rendered":"Marlon Vera promete frenar a Peter Yan"},"content":{"rendered":"<div id=\"feat-img-reg\" class=\"relative\">\n<\/div>\n<div class=\"itemIntroText\">\n<p>El n\u00famero cinco de peso gallo de UFC, Marlon Vera, no tiene dudas de que puede obtener una victoria dominante sobre Petr Yan y desafiar al actual campe\u00f3n de la divisi\u00f3n.<\/p>\n<\/div>\n<div class=\"yandex_rtb_wrapper\">\n<div id=\"yandex_rtb_R-A-108029-34\"><\/div>\n<\/div>\n<div class=\"itemFullText\">\n<blockquote>\n<p>\u00abEstoy a una victoria de una pelea por el t\u00edtulo\u00bb, dijo Vera a The Schmo.  \u201cEspero que sea Petr Yan: este es un camino directo al t\u00edtulo, la lucha por el t\u00edtulo de contendiente n\u00famero uno.  Le patear\u00e9 el trasero y seguir\u00e9 adelante.  Yang dijo que lo quiere, lo conseguir\u00e1.  Lo detendr\u00e9 y conseguir\u00e9 una oportunidad por el t\u00edtulo.  No s\u00e9 contra qui\u00e9n se defender\u00e1 Aljamain Sterling, pero pelear\u00e9 contra quien tenga el cintur\u00f3n de campeonato\u201d.<\/p>\n<\/blockquote>\n<p>Hace un mes y medio, Petr Yan hizo un intento fallido de unificar los t\u00edtulos de peso gallo interino y actual de UFC, perdiendo una decisi\u00f3n dividida ante Aljamain Sterling despu\u00e9s de cinco rondas, y Marlon Vera tres semanas despu\u00e9s obtuvo una tercera victoria consecutiva, ganando un decisi\u00f3n un\u00e1nime contra Rob Font.<\/p>\n<\/p><\/div>\n<p>    .<\/p>\n","protected":false},"excerpt":{"rendered":"<p>El n\u00famero cinco de peso gallo de UFC, Marlon Vera, no tiene dudas de que puede obtener una victoria dominante sobre Petr Yan y desafiar al actual campe\u00f3n de la divisi\u00f3n. \u00abEstoy a una victoria de una pelea por el t\u00edtulo\u00bb, dijo Vera a The Schmo. \u201cEspero que sea Petr Yan: este es un camino [&hellip;]<\/p>\n","protected":false},"author":1,"featured_media":163359,"comment_status":"","ping_status":"open","sticky":false,"template":"","format":"standard","meta":{"footnotes":""},"categories":[1],"tags":[1577,15],"_links":{"self":[{"href":"https:\/\/wmmaa.org\/es\/wp-json\/wp\/v2\/posts\/163368"}],"collection":[{"href":"https:\/\/wmmaa.org\/es\/wp-json\/wp\/v2\/posts"}],"about":[{"href":"https:\/\/wmmaa.org\/es\/wp-json\/wp\/v2\/types\/post"}],"author":[{"embeddable":true,"href":"https:\/\/wmmaa.org\/es\/wp-json\/wp\/v2\/users\/1"}],"replies":[{"embeddable":true,"href":"https:\/\/wmmaa.org\/es\/wp-json\/wp\/v2\/comments?post=163368"}],"version-history":[{"count":0,"href":"https:\/\/wmmaa.org\/es\/wp-json\/wp\/v2\/posts\/163368\/revisions"}],"wp:featuredmedia":[{"embeddable":true,"href":"https:\/\/wmmaa.org\/es\/wp-json\/wp\/v2\/media\/163359"}],"wp:attachment":[{"href":"https:\/\/wmmaa.org\/es\/wp-json\/wp\/v2\/media?parent=163368"}],"wp:term":[{"taxonomy":"category","embeddable":true,"href":"https:\/\/wmmaa.org\/es\/wp-json\/wp\/v2\/categories?post=163368"},{"taxonomy":"post_tag","embeddable":true,"href":"https:\/\/wmmaa.org\/es\/wp-json\/wp\/v2\/tags?post=163368"}],"curies":[{"name":"wp","href":"https:\/\/api.w.org\/{rel}","templated":true}]}}