{"id":152510,"date":"2022-05-13T00:19:11","date_gmt":"2022-05-12T21:19:11","guid":{"rendered":"https:\/\/wmmaa.org\/nate-diaz-orina-publicamente-en-propiedad-de-ufc\/"},"modified":"2022-05-13T00:19:11","modified_gmt":"2022-05-12T21:19:11","slug":"nate-diaz-orina-publicamente-en-propiedad-de-ufc","status":"publish","type":"post","link":"https:\/\/wmmaa.org\/es\/nate-diaz-orina-publicamente-en-propiedad-de-ufc\/","title":{"rendered":"Nate Diaz orina p\u00fablicamente en propiedad de UFC"},"content":{"rendered":"<div id=\"feat-img-reg\" class=\"relative\">\n<\/div>\n<div class=\"itemIntroText\">\n<p>El popular peleador estadounidense Nate Diaz, quien recurri\u00f3 a UFC con una solicitud de despido hace un mes y medio, decidi\u00f3 tomar medidas dr\u00e1sticas para deshacerse del actual contrato con la organizaci\u00f3n.<\/p>\n<\/div>\n<div class=\"yandex_rtb_wrapper\">\n<div id=\"yandex_rtb_R-A-108029-34\"><\/div>\n<\/div>\n<div class=\"itemFullText\">\n<blockquote>\n<p>\u201cMe orin\u00e9 en el Instituto UFC\u201d, escribi\u00f3 D\u00edaz en las redes sociales, publicando una foto correspondiente.  \u00abPuedo hacerlo porque me pagan m\u00e1s que a todos ustedes y no me pueden despedir\u00bb<\/p>\n<\/blockquote>\n<p><img alt='d0b4d0b8d0b0d181_ufc' src='https:\/\/wmmaa.org\/wp-content\/uploads\/2022\/05\/D0B4D0B8D0B0D181_ufc.jpg' alt=\"\"><\/p>\n<p>Esta declaraci\u00f3n no fue ignorada por Dustin Poirier, quien no pudo conseguir una pelea con Nate Diaz debido a los desacuerdos contractuales de este \u00faltimo con el UFC.<\/p>\n<blockquote>\n<p>\u201cUn hombre de verdad apilar\u00eda un mont\u00f3n all\u00ed\u201d, escribi\u00f3 \u201cDiamante\u201d en los comentarios.<\/p>\n<\/blockquote>\n<p>Seg\u00fan los informes, Nate D\u00edaz, a quien le queda una pelea en su contrato actual con la organizaci\u00f3n, exige una pelea, pero no est\u00e1 dispuesto a firmar un nuevo acuerdo con UFC para negociar una tercera pelea con Conor McGregor como agente libre.<\/p>\n<\/p><\/div>\n<p>    .<\/p>\n","protected":false},"excerpt":{"rendered":"<p>El popular peleador estadounidense Nate Diaz, quien recurri\u00f3 a UFC con una solicitud de despido hace un mes y medio, decidi\u00f3 tomar medidas dr\u00e1sticas para deshacerse del actual contrato con la organizaci\u00f3n. \u201cMe orin\u00e9 en el Instituto UFC\u201d, escribi\u00f3 D\u00edaz en las redes sociales, publicando una foto correspondiente. \u00abPuedo hacerlo porque me pagan m\u00e1s que [&hellip;]<\/p>\n","protected":false},"author":1,"featured_media":152501,"comment_status":"","ping_status":"open","sticky":false,"template":"","format":"standard","meta":{"footnotes":""},"categories":[1],"tags":[139],"_links":{"self":[{"href":"https:\/\/wmmaa.org\/es\/wp-json\/wp\/v2\/posts\/152510"}],"collection":[{"href":"https:\/\/wmmaa.org\/es\/wp-json\/wp\/v2\/posts"}],"about":[{"href":"https:\/\/wmmaa.org\/es\/wp-json\/wp\/v2\/types\/post"}],"author":[{"embeddable":true,"href":"https:\/\/wmmaa.org\/es\/wp-json\/wp\/v2\/users\/1"}],"replies":[{"embeddable":true,"href":"https:\/\/wmmaa.org\/es\/wp-json\/wp\/v2\/comments?post=152510"}],"version-history":[{"count":0,"href":"https:\/\/wmmaa.org\/es\/wp-json\/wp\/v2\/posts\/152510\/revisions"}],"wp:featuredmedia":[{"embeddable":true,"href":"https:\/\/wmmaa.org\/es\/wp-json\/wp\/v2\/media\/152501"}],"wp:attachment":[{"href":"https:\/\/wmmaa.org\/es\/wp-json\/wp\/v2\/media?parent=152510"}],"wp:term":[{"taxonomy":"category","embeddable":true,"href":"https:\/\/wmmaa.org\/es\/wp-json\/wp\/v2\/categories?post=152510"},{"taxonomy":"post_tag","embeddable":true,"href":"https:\/\/wmmaa.org\/es\/wp-json\/wp\/v2\/tags?post=152510"}],"curies":[{"name":"wp","href":"https:\/\/api.w.org\/{rel}","templated":true}]}}