{"id":149643,"date":"2022-05-09T10:39:17","date_gmt":"2022-05-09T07:39:17","guid":{"rendered":"https:\/\/wmmaa.org\/nate-diaz-hizo-una-declaracion-sobre-la-pelea-con-khamzat-chimaev\/"},"modified":"2022-05-09T10:39:17","modified_gmt":"2022-05-09T07:39:17","slug":"nate-diaz-hizo-una-declaracion-sobre-la-pelea-con-khamzat-chimaev","status":"publish","type":"post","link":"https:\/\/wmmaa.org\/es\/nate-diaz-hizo-una-declaracion-sobre-la-pelea-con-khamzat-chimaev\/","title":{"rendered":"Nate Diaz hizo una declaraci\u00f3n sobre la pelea con Khamzat Chimaev"},"content":{"rendered":"<div id=\"feat-img-reg\" class=\"relative\">\n<\/div>\n<div class=\"itemIntroText\">\n<p>El popular peleador estadounidense Nate Diaz coment\u00f3 la informaci\u00f3n de que su pr\u00f3ximo oponente podr\u00eda ser el tercer n\u00famero en la clasificaci\u00f3n de peso welter de UFC Khamzat Chimaev, pelea con quien est\u00e1 en desarrollo y podr\u00eda llevarse a cabo el 2 de julio en UFC 276 en Las Vegas.<\/p>\n<\/div>\n<div class=\"yandex_rtb_wrapper\">\n<div id=\"yandex_rtb_R-A-108029-34\"><\/div>\n<\/div>\n<div class=\"itemFullText\">\n<p>Seg\u00fan el estadounidense, el peleador checheno est\u00e1 lesionado y planea participar en el torneo UFC 277 programado para el 30 de julio.<\/p>\n<blockquote>\n<p>\u201c30 de julio, medio peso de coraz\u00f3n\u201d, escribi\u00f3 la estadounidense en las redes sociales.  \u201cHamzat y Conor est\u00e1n en la lista de cobardes heridos, as\u00ed que no entiendo por qu\u00e9 son una mierda cuando est\u00e1n rotos\u201d<\/p>\n<p>\u00abY solo para que conste, habr\u00eda estrangulado f\u00e1cilmente a Oliveira\u00bb, agreg\u00f3.<\/p>\n<\/blockquote>\n<p>Anteriormente, Chimaev, al comentar sobre una probable pelea con D\u00edaz, acus\u00f3 al estadounidense de huir de la pelea.<\/p>\n<p>Al mismo tiempo, el presidente de UFC, Dana White, confirm\u00f3 los planes de la organizaci\u00f3n para la pelea entre Chimaev y D\u00edaz.<\/p>\n<blockquote>\n<p>\u201cS\u00ed lo es, pero hasta ahora no son m\u00e1s que nombres en la pared\u201d, dijo el m\u00e1ximo responsable de la UFC en una conferencia de prensa posterior al torneo UFC 274. \u201cEstamos trabajando en ello.  Vamos a ver c\u00f3mo resultan las cosas\u00bb<\/p>\n<\/blockquote><\/div>\n<p>    .<\/p>\n","protected":false},"excerpt":{"rendered":"<p>El popular peleador estadounidense Nate Diaz coment\u00f3 la informaci\u00f3n de que su pr\u00f3ximo oponente podr\u00eda ser el tercer n\u00famero en la clasificaci\u00f3n de peso welter de UFC Khamzat Chimaev, pelea con quien est\u00e1 en desarrollo y podr\u00eda llevarse a cabo el 2 de julio en UFC 276 en Las Vegas. Seg\u00fan el estadounidense, el peleador [&hellip;]<\/p>\n","protected":false},"author":1,"featured_media":149634,"comment_status":"","ping_status":"open","sticky":false,"template":"","format":"standard","meta":{"footnotes":""},"categories":[1],"tags":[56,139],"_links":{"self":[{"href":"https:\/\/wmmaa.org\/es\/wp-json\/wp\/v2\/posts\/149643"}],"collection":[{"href":"https:\/\/wmmaa.org\/es\/wp-json\/wp\/v2\/posts"}],"about":[{"href":"https:\/\/wmmaa.org\/es\/wp-json\/wp\/v2\/types\/post"}],"author":[{"embeddable":true,"href":"https:\/\/wmmaa.org\/es\/wp-json\/wp\/v2\/users\/1"}],"replies":[{"embeddable":true,"href":"https:\/\/wmmaa.org\/es\/wp-json\/wp\/v2\/comments?post=149643"}],"version-history":[{"count":0,"href":"https:\/\/wmmaa.org\/es\/wp-json\/wp\/v2\/posts\/149643\/revisions"}],"wp:featuredmedia":[{"embeddable":true,"href":"https:\/\/wmmaa.org\/es\/wp-json\/wp\/v2\/media\/149634"}],"wp:attachment":[{"href":"https:\/\/wmmaa.org\/es\/wp-json\/wp\/v2\/media?parent=149643"}],"wp:term":[{"taxonomy":"category","embeddable":true,"href":"https:\/\/wmmaa.org\/es\/wp-json\/wp\/v2\/categories?post=149643"},{"taxonomy":"post_tag","embeddable":true,"href":"https:\/\/wmmaa.org\/es\/wp-json\/wp\/v2\/tags?post=149643"}],"curies":[{"name":"wp","href":"https:\/\/api.w.org\/{rel}","templated":true}]}}