{"id":146172,"date":"2022-05-05T11:09:00","date_gmt":"2022-05-05T08:09:00","guid":{"rendered":"https:\/\/wmmaa.org\/jorge-masvidal-respondio-al-desafio-de-gilbert-burns\/"},"modified":"2022-05-05T11:09:00","modified_gmt":"2022-05-05T08:09:00","slug":"jorge-masvidal-respondio-al-desafio-de-gilbert-burns","status":"publish","type":"post","link":"https:\/\/wmmaa.org\/es\/jorge-masvidal-respondio-al-desafio-de-gilbert-burns\/","title":{"rendered":"Jorge Masvidal respondi\u00f3 al desaf\u00edo de Gilbert Burns"},"content":{"rendered":"<div id=\"feat-img-reg\" class=\"relative\">\n<\/div>\n<div class=\"itemIntroText\">\n<p>El ex retador al t\u00edtulo de peso welter de UFC, Jorge Masvidal, est\u00e1 listo para compartir el oct\u00e1gono con el retador de Gilbert Burns.<\/p>\n<\/div>\n<div class=\"yandex_rtb_wrapper\">\n<div id=\"yandex_rtb_R-A-108029-34\"><\/div>\n<\/div>\n<div class=\"itemFullText\">\n<p>El d\u00eda anterior, el brasile\u00f1o public\u00f3 su propia foto en las redes sociales junto a un potencial oponente, y el estadounidense dej\u00f3 en claro que estaba interesado en esta pelea.<\/p>\n<blockquote>\n<p>\u00abSuena bien para m\u00ed.  Veamos qu\u00e9 pasa\u00bb, escribi\u00f3 Masvidal.<\/p>\n<p>\u201cS\u00e9 que quieres intensificar tu lucha, as\u00ed que contin\u00faa mientras yo me ocupo de mis propios asuntos y m\u00e1s adelante este a\u00f1o podemos tener una pelea\u201d, respondi\u00f3 Burns.<\/p>\n<\/blockquote>\n<p>Jorge Masvidal, de 37 a\u00f1os, est\u00e1 en una racha de tres derrotas consecutivas, sufri\u00f3 dos reveses en el t\u00edtulo contra Kamaru Usman y perdi\u00f3 por decisi\u00f3n un\u00e1nime ante Colby Covington.<\/p>\n<p>Gilbert Burns, de 35 a\u00f1os, tambi\u00e9n busca volver a encarrilar su carrera despu\u00e9s de perder por decisi\u00f3n un\u00e1nime ante Khamzat Chimaev en su \u00faltima pelea.<\/p>\n<\/p><\/div>\n<p>    .<\/p>\n","protected":false},"excerpt":{"rendered":"<p>El ex retador al t\u00edtulo de peso welter de UFC, Jorge Masvidal, est\u00e1 listo para compartir el oct\u00e1gono con el retador de Gilbert Burns. El d\u00eda anterior, el brasile\u00f1o public\u00f3 su propia foto en las redes sociales junto a un potencial oponente, y el estadounidense dej\u00f3 en claro que estaba interesado en esta pelea. \u00abSuena [&hellip;]<\/p>\n","protected":false},"author":1,"featured_media":146156,"comment_status":"","ping_status":"open","sticky":false,"template":"","format":"standard","meta":{"footnotes":""},"categories":[1],"tags":[1245,29],"_links":{"self":[{"href":"https:\/\/wmmaa.org\/es\/wp-json\/wp\/v2\/posts\/146172"}],"collection":[{"href":"https:\/\/wmmaa.org\/es\/wp-json\/wp\/v2\/posts"}],"about":[{"href":"https:\/\/wmmaa.org\/es\/wp-json\/wp\/v2\/types\/post"}],"author":[{"embeddable":true,"href":"https:\/\/wmmaa.org\/es\/wp-json\/wp\/v2\/users\/1"}],"replies":[{"embeddable":true,"href":"https:\/\/wmmaa.org\/es\/wp-json\/wp\/v2\/comments?post=146172"}],"version-history":[{"count":0,"href":"https:\/\/wmmaa.org\/es\/wp-json\/wp\/v2\/posts\/146172\/revisions"}],"wp:featuredmedia":[{"embeddable":true,"href":"https:\/\/wmmaa.org\/es\/wp-json\/wp\/v2\/media\/146156"}],"wp:attachment":[{"href":"https:\/\/wmmaa.org\/es\/wp-json\/wp\/v2\/media?parent=146172"}],"wp:term":[{"taxonomy":"category","embeddable":true,"href":"https:\/\/wmmaa.org\/es\/wp-json\/wp\/v2\/categories?post=146172"},{"taxonomy":"post_tag","embeddable":true,"href":"https:\/\/wmmaa.org\/es\/wp-json\/wp\/v2\/tags?post=146172"}],"curies":[{"name":"wp","href":"https:\/\/api.w.org\/{rel}","templated":true}]}}