{"id":116618,"date":"2022-03-04T08:26:10","date_gmt":"2022-03-04T06:26:10","guid":{"rendered":"https:\/\/wmmaa.org\/joe-rogan-volvera-a-trabajar-en-ufc-272\/"},"modified":"2022-03-04T08:26:10","modified_gmt":"2022-03-04T06:26:10","slug":"joe-rogan-volvera-a-trabajar-en-ufc-272","status":"publish","type":"post","link":"https:\/\/wmmaa.org\/es\/joe-rogan-volvera-a-trabajar-en-ufc-272\/","title":{"rendered":"Joe Rogan volver\u00e1 a trabajar en UFC 272"},"content":{"rendered":"<div id=\"feat-img-reg\" class=\"relative\">\n<\/div>\n<div class=\"itemIntroText\">\n<p>El comentarista principal de UFC Joe Rogan, quien est\u00e1 en el centro de un esc\u00e1ndalo de carrera, regresar\u00e1 a sus funciones en UFC 272 el 5 de marzo en Las Vegas.<\/p>\n<\/div>\n<div class=\"yandex_rtb_wrapper\">\n<div id=\"yandex_rtb_R-A-108029-34\"><\/div>\n<\/div>\n<div class=\"itemFullText\">\n<p>Rogan estar\u00e1 acompa\u00f1ado por John Enik y el ex campe\u00f3n de peso mediano de UFC Michael Bisping.<\/p>\n<p>Joe Rogan, de 56 a\u00f1os, est\u00e1 en el centro de una controversia racial luego de que un video con extractos de sus comentarios se volviera viral en l\u00ednea.  Rogan, quien repiti\u00f3 la llamada \u201cpalabra N\u201d varias veces en el video, dijo que sus palabras fueron sacadas de contexto, pero elimin\u00f3 varios de sus podcasts y emiti\u00f3 una disculpa p\u00fablica.<\/p>\n<p>Sin embargo, un d\u00eda antes de UFC 271, que tuvo lugar el 12 de febrero en Houston, Rogan fue eliminado del elenco, con una redacci\u00f3n oficial refiri\u00e9ndose a un \u00abconflicto de horario\u00bb y el presidente de UFC, Dana White, declarando despu\u00e9s del espect\u00e1culo que Rogan se perdi\u00f3 el numerado. evento por mi propia iniciativa.<\/p>\n<p>Recordemos que el evento principal del torneo UFC 272 ser\u00e1 una pelea de peso welter entre Colby Covington y Jorge Masvidal.<\/p>\n<\/p><\/div>\n<p>    .<\/p>\n","protected":false},"excerpt":{"rendered":"<p>El comentarista principal de UFC Joe Rogan, quien est\u00e1 en el centro de un esc\u00e1ndalo de carrera, regresar\u00e1 a sus funciones en UFC 272 el 5 de marzo en Las Vegas. Rogan estar\u00e1 acompa\u00f1ado por John Enik y el ex campe\u00f3n de peso mediano de UFC Michael Bisping. Joe Rogan, de 56 a\u00f1os, est\u00e1 en [&hellip;]<\/p>\n","protected":false},"author":1,"featured_media":116609,"comment_status":"","ping_status":"open","sticky":false,"template":"","format":"standard","meta":{"footnotes":""},"categories":[1],"tags":[572,1589],"_links":{"self":[{"href":"https:\/\/wmmaa.org\/es\/wp-json\/wp\/v2\/posts\/116618"}],"collection":[{"href":"https:\/\/wmmaa.org\/es\/wp-json\/wp\/v2\/posts"}],"about":[{"href":"https:\/\/wmmaa.org\/es\/wp-json\/wp\/v2\/types\/post"}],"author":[{"embeddable":true,"href":"https:\/\/wmmaa.org\/es\/wp-json\/wp\/v2\/users\/1"}],"replies":[{"embeddable":true,"href":"https:\/\/wmmaa.org\/es\/wp-json\/wp\/v2\/comments?post=116618"}],"version-history":[{"count":0,"href":"https:\/\/wmmaa.org\/es\/wp-json\/wp\/v2\/posts\/116618\/revisions"}],"wp:featuredmedia":[{"embeddable":true,"href":"https:\/\/wmmaa.org\/es\/wp-json\/wp\/v2\/media\/116609"}],"wp:attachment":[{"href":"https:\/\/wmmaa.org\/es\/wp-json\/wp\/v2\/media?parent=116618"}],"wp:term":[{"taxonomy":"category","embeddable":true,"href":"https:\/\/wmmaa.org\/es\/wp-json\/wp\/v2\/categories?post=116618"},{"taxonomy":"post_tag","embeddable":true,"href":"https:\/\/wmmaa.org\/es\/wp-json\/wp\/v2\/tags?post=116618"}],"curies":[{"name":"wp","href":"https:\/\/api.w.org\/{rel}","templated":true}]}}